{"id":17513,"date":"2025-05-02T16:22:31","date_gmt":"2025-05-02T19:22:31","guid":{"rendered":"https:\/\/blogdodanielgalvao.com.br\/site\/?p=17513"},"modified":"2025-05-02T16:29:31","modified_gmt":"2025-05-02T19:29:31","slug":"rapinante-com-asa-quebrada-mobiliza-operacao-no-jardim-esperanca-cabo-frio","status":"publish","type":"post","link":"https:\/\/blogdodanielgalvao.com.br\/site\/rapinante-com-asa-quebrada-mobiliza-operacao-no-jardim-esperanca-cabo-frio\/","title":{"rendered":"Rapinante com asa quebrada mobiliza opera\u00e7\u00e3o no Jardim Esperan\u00e7a, Cabo Frio"},"content":{"rendered":"<p>Um gavi\u00e3o da esp\u00e9cie Carcar\u00e1 foi resgatado nesta quinta-feira (1\u00ba) por agentes da Guarda Civil Municipal de Cabo Frio, ap\u00f3s ser localizado ferido no bairro Jardim Esperan\u00e7a.<\/p>\n<p>O chamado partiu de um morador da regi\u00e3o que avistou a ave silvestre com uma poss\u00edvel fratura em uma das asas. Imediatamente, a Guarda Mar\u00edtima e Ambiental foi acionada e conduziu a opera\u00e7\u00e3o de resgate com sucesso.<\/p>\n<p>Ap\u00f3s a captura segura do animal, o Carcar\u00e1 foi levado ao Instituto BW, em Praia Seca, distrito de Araruama, onde recebeu atendimento veterin\u00e1rio emergencial.<\/p>\n<p>Segundo o grupamento, o aparecimento de animais silvestres em \u00e1reas urbanas \u00e9 cada vez mais frequente, especialmente em zonas pr\u00f3ximas a reservas ou vegeta\u00e7\u00f5es nativas. Nessas situa\u00e7\u00f5es, a recomenda\u00e7\u00e3o \u00e9 manter dist\u00e2ncia, evitar qualquer tipo de contato e acionar imediatamente os \u00f3rg\u00e3os ambientais respons\u00e1veis, garantindo a seguran\u00e7a do animal e da popula\u00e7\u00e3o.<\/p>\n<p><strong>Conhe\u00e7a o Carcar\u00e1<\/strong><\/p>\n<p>O Carcar\u00e1 (Caracara plancus) \u00e9 uma ave de rapina pertencente \u00e0 fam\u00edlia dos falc\u00f5es. Espalhado por grande parte do territ\u00f3rio brasileiro, destaca-se por sua alta capacidade de adapta\u00e7\u00e3o, sendo avistado tanto em ambientes rurais quanto urbanos. On\u00edvoro, alimenta-se de pequenos animais, insetos e carca\u00e7as, sendo pe\u00e7a-chave no controle ecol\u00f3gico. Apesar da resist\u00eancia da esp\u00e9cie, exemplares feridos necessitam de resgate e cuidados\u00a0especializados.<\/p>\n","protected":false},"excerpt":{"rendered":"<p>Um gavi\u00e3o da esp\u00e9cie Carcar\u00e1 foi resgatado nesta quinta-feira (1\u00ba) por agentes da Guarda Civil Municipal de Cabo Frio, ap\u00f3s ser localizado ferido no bairro Jardim Esperan\u00e7a. O chamado partiu de um morador da regi\u00e3o que avistou a ave silvestre com uma poss\u00edvel fratura em uma das asas. Imediatamente, a Guarda Mar\u00edtima e Ambiental foi [&hellip;]<\/p>\n","protected":false},"author":2,"featured_media":17515,"comment_status":"open","ping_status":"open","sticky":true,"template":"","format":"standard","meta":{"footnotes":""},"categories":[340],"tags":[1896],"class_list":["post-17513","post","type-post","status-publish","format-standard","has-post-thumbnail","hentry","category-cabo-frio","tag-destaque"],"_links":{"self":[{"href":"https:\/\/blogdodanielgalvao.com.br\/site\/wp-json\/wp\/v2\/posts\/17513","targetHints":{"allow":["GET"]}}],"collection":[{"href":"https:\/\/blogdodanielgalvao.com.br\/site\/wp-json\/wp\/v2\/posts"}],"about":[{"href":"https:\/\/blogdodanielgalvao.com.br\/site\/wp-json\/wp\/v2\/types\/post"}],"author":[{"embeddable":true,"href":"https:\/\/blogdodanielgalvao.com.br\/site\/wp-json\/wp\/v2\/users\/2"}],"replies":[{"embeddable":true,"href":"https:\/\/blogdodanielgalvao.com.br\/site\/wp-json\/wp\/v2\/comments?post=17513"}],"version-history":[{"count":2,"href":"https:\/\/blogdodanielgalvao.com.br\/site\/wp-json\/wp\/v2\/posts\/17513\/revisions"}],"predecessor-version":[{"id":17517,"href":"https:\/\/blogdodanielgalvao.com.br\/site\/wp-json\/wp\/v2\/posts\/17513\/revisions\/17517"}],"wp:featuredmedia":[{"embeddable":true,"href":"https:\/\/blogdodanielgalvao.com.br\/site\/wp-json\/wp\/v2\/media\/17515"}],"wp:attachment":[{"href":"https:\/\/blogdodanielgalvao.com.br\/site\/wp-json\/wp\/v2\/media?parent=17513"}],"wp:term":[{"taxonomy":"category","embeddable":true,"href":"https:\/\/blogdodanielgalvao.com.br\/site\/wp-json\/wp\/v2\/categories?post=17513"},{"taxonomy":"post_tag","embeddable":true,"href":"https:\/\/blogdodanielgalvao.com.br\/site\/wp-json\/wp\/v2\/tags?post=17513"}],"curies":[{"name":"wp","href":"https:\/\/api.w.org\/{rel}","templated":true}]}}