{"id":1600,"date":"2018-02-26T13:51:46","date_gmt":"2018-02-26T16:51:46","guid":{"rendered":"http:\/\/blogdodanielgalvao.com.br\/site\/?p=1600"},"modified":"2018-02-26T13:51:46","modified_gmt":"2018-02-26T16:51:46","slug":"marcel-acelera-pre-campanha-a-deputado-e-organiza-acoes-em-macae-e-campos","status":"publish","type":"post","link":"https:\/\/blogdodanielgalvao.com.br\/site\/marcel-acelera-pre-campanha-a-deputado-e-organiza-acoes-em-macae-e-campos\/","title":{"rendered":"Marcel acelera pr\u00e9-campanha a deputado e organiza a\u00e7\u00f5es em Maca\u00e9 e Campos"},"content":{"rendered":"<p>As movimenta\u00e7\u00f5es pol\u00edticas para as elei\u00e7\u00f5es de outubro continuam a todo o vapor. Se por um lado os principais nomes do Governo esperam convencer o prefeito,Dr. Alu\u00edzio (PMDB), por outro, um dos nomes da oposi\u00e7\u00e3o, Marcel Silvano (PT), segue construindo apoios em munic\u00edpios considerados estrat\u00e9gicos.<\/p>\n<p>Segundo fontes do Blog, o vereador ter\u00e1 uma agenda concentrada em Maca\u00e9 e Campos. E o petista esteve no \u00faltimo fim de semana arredondando a organiza\u00e7\u00e3o de como ser\u00e1 o passo a passo na cidade Goytac\u00e1.<\/p>\n<p>Um dos apoios de Marcel na cidade ser\u00e1 o Professor Alexandre Louren\u00e7o. Tamb\u00e9m petista, a jovem lideran\u00e7a campista foi a sensa\u00e7\u00e3o da elei\u00e7\u00e3o para vereador no munic\u00edpio. Ser\u00e1 dele a fun\u00e7\u00e3o de orientar Silvano por l\u00e1. Marcel anda animado pela amizade com Louren\u00e7o e pelo perfil parecido dos respectivos grupos.<\/p>\n<p>Al\u00e9m do mais, setores da juventude ligadas ao movimento estudantil, representantes dos petroleiros, sindicalistas de diversas categorias e intelectuais de Campos tamb\u00e9m apontam para ajudar a campanha do macaense.<\/p>\n<p>Marcel tem confidenciado a amigos que est\u00e1 disposto a enfrentar a estrutura do PMDB macaense mesmo com poucos recursos. Seria, segundo um assessor do vereador, uma esp\u00e9cie de \u2018Tost\u00e3o contra milh\u00e3o&#8221;, entende? !<\/p>\n<p>&nbsp;<\/p>\n","protected":false},"excerpt":{"rendered":"<p>As movimenta\u00e7\u00f5es pol\u00edticas para as elei\u00e7\u00f5es de outubro continuam a todo o vapor. Se por um lado os principais nomes do Governo esperam convencer o prefeito,Dr. Alu\u00edzio (PMDB), por outro, um dos nomes da oposi\u00e7\u00e3o, Marcel Silvano (PT), segue construindo apoios em munic\u00edpios considerados estrat\u00e9gicos. Segundo fontes do Blog, o vereador ter\u00e1 uma agenda concentrada [&hellip;]<\/p>\n","protected":false},"author":2,"featured_media":1601,"comment_status":"open","ping_status":"open","sticky":false,"template":"","format":"standard","meta":{"footnotes":""},"categories":[60,3,432,9,14,2],"tags":[122,601,263,51],"class_list":["post-1600","post","type-post","status-publish","format-standard","has-post-thumbnail","hentry","category-brasil","category-campos","category-eleicoes-2018","category-estado","category-geral","category-macae","tag-alerj","tag-campos","tag-deputado","tag-marcel-silvano"],"_links":{"self":[{"href":"https:\/\/blogdodanielgalvao.com.br\/site\/wp-json\/wp\/v2\/posts\/1600","targetHints":{"allow":["GET"]}}],"collection":[{"href":"https:\/\/blogdodanielgalvao.com.br\/site\/wp-json\/wp\/v2\/posts"}],"about":[{"href":"https:\/\/blogdodanielgalvao.com.br\/site\/wp-json\/wp\/v2\/types\/post"}],"author":[{"embeddable":true,"href":"https:\/\/blogdodanielgalvao.com.br\/site\/wp-json\/wp\/v2\/users\/2"}],"replies":[{"embeddable":true,"href":"https:\/\/blogdodanielgalvao.com.br\/site\/wp-json\/wp\/v2\/comments?post=1600"}],"version-history":[{"count":1,"href":"https:\/\/blogdodanielgalvao.com.br\/site\/wp-json\/wp\/v2\/posts\/1600\/revisions"}],"predecessor-version":[{"id":1602,"href":"https:\/\/blogdodanielgalvao.com.br\/site\/wp-json\/wp\/v2\/posts\/1600\/revisions\/1602"}],"wp:featuredmedia":[{"embeddable":true,"href":"https:\/\/blogdodanielgalvao.com.br\/site\/wp-json\/wp\/v2\/media\/1601"}],"wp:attachment":[{"href":"https:\/\/blogdodanielgalvao.com.br\/site\/wp-json\/wp\/v2\/media?parent=1600"}],"wp:term":[{"taxonomy":"category","embeddable":true,"href":"https:\/\/blogdodanielgalvao.com.br\/site\/wp-json\/wp\/v2\/categories?post=1600"},{"taxonomy":"post_tag","embeddable":true,"href":"https:\/\/blogdodanielgalvao.com.br\/site\/wp-json\/wp\/v2\/tags?post=1600"}],"curies":[{"name":"wp","href":"https:\/\/api.w.org\/{rel}","templated":true}]}}