{"id":15999,"date":"2025-04-01T11:56:47","date_gmt":"2025-04-01T14:56:47","guid":{"rendered":"https:\/\/blogdodanielgalvao.com.br\/site\/?p=15999"},"modified":"2025-04-01T11:56:47","modified_gmt":"2025-04-01T14:56:47","slug":"tradicao-e-cultura-celebram-o-aniversario-da-escola-municipal-adolpho-beranger-junior-consagrando-57-anos-em-buzios","status":"publish","type":"post","link":"https:\/\/blogdodanielgalvao.com.br\/site\/tradicao-e-cultura-celebram-o-aniversario-da-escola-municipal-adolpho-beranger-junior-consagrando-57-anos-em-buzios\/","title":{"rendered":"Tradi\u00e7\u00e3o e cultura celebram o anivers\u00e1rio da Escola Municipal Adolpho Beranger J\u00fanior consagrando 57 anos em B\u00fazios"},"content":{"rendered":"<p>A Escola Municipal Adolpho Beranger J\u00fanior celebrou seus 57 anos no \u00faltimo s\u00e1bado com uma programa\u00e7\u00e3o especial. O evento reuniu alunos, pais, respons\u00e1veis e ex-alunos, que prestigiaram apresenta\u00e7\u00f5es art\u00edsticas e relembraram momentos marcantes da hist\u00f3ria da institui\u00e7\u00e3o.<\/p>\n<p>O ponto alto da comemora\u00e7\u00e3o foi o show de talentos, onde os estudantes subiram ao palco para performances musicais, n\u00fameros de dan\u00e7a, declama\u00e7\u00f5es de poesias e outras express\u00f5es art\u00edsticas.<\/p>\n<p>Fundada em 31 de mar\u00e7o de 1968, a escola leva o nome de Adolpho Beranger, pol\u00edtico influente da regi\u00e3o que atuou como vereador e prefeito de Cabo Frio. Ao longo dos anos, a institui\u00e7\u00e3o se consolidou como refer\u00eancia na educa\u00e7\u00e3o municipal, formando diversas\u00a0gera\u00e7\u00f5es.<\/p>\n","protected":false},"excerpt":{"rendered":"<p>A Escola Municipal Adolpho Beranger J\u00fanior celebrou seus 57 anos no \u00faltimo s\u00e1bado com uma programa\u00e7\u00e3o especial. O evento reuniu alunos, pais, respons\u00e1veis e ex-alunos, que prestigiaram apresenta\u00e7\u00f5es art\u00edsticas e relembraram momentos marcantes da hist\u00f3ria da institui\u00e7\u00e3o. O ponto alto da comemora\u00e7\u00e3o foi o show de talentos, onde os estudantes subiram ao palco para performances [&hellip;]<\/p>\n","protected":false},"author":2,"featured_media":16002,"comment_status":"open","ping_status":"open","sticky":true,"template":"","format":"standard","meta":{"footnotes":""},"categories":[824],"tags":[1896],"class_list":["post-15999","post","type-post","status-publish","format-standard","has-post-thumbnail","hentry","category-buzios","tag-destaque"],"_links":{"self":[{"href":"https:\/\/blogdodanielgalvao.com.br\/site\/wp-json\/wp\/v2\/posts\/15999","targetHints":{"allow":["GET"]}}],"collection":[{"href":"https:\/\/blogdodanielgalvao.com.br\/site\/wp-json\/wp\/v2\/posts"}],"about":[{"href":"https:\/\/blogdodanielgalvao.com.br\/site\/wp-json\/wp\/v2\/types\/post"}],"author":[{"embeddable":true,"href":"https:\/\/blogdodanielgalvao.com.br\/site\/wp-json\/wp\/v2\/users\/2"}],"replies":[{"embeddable":true,"href":"https:\/\/blogdodanielgalvao.com.br\/site\/wp-json\/wp\/v2\/comments?post=15999"}],"version-history":[{"count":1,"href":"https:\/\/blogdodanielgalvao.com.br\/site\/wp-json\/wp\/v2\/posts\/15999\/revisions"}],"predecessor-version":[{"id":16003,"href":"https:\/\/blogdodanielgalvao.com.br\/site\/wp-json\/wp\/v2\/posts\/15999\/revisions\/16003"}],"wp:featuredmedia":[{"embeddable":true,"href":"https:\/\/blogdodanielgalvao.com.br\/site\/wp-json\/wp\/v2\/media\/16002"}],"wp:attachment":[{"href":"https:\/\/blogdodanielgalvao.com.br\/site\/wp-json\/wp\/v2\/media?parent=15999"}],"wp:term":[{"taxonomy":"category","embeddable":true,"href":"https:\/\/blogdodanielgalvao.com.br\/site\/wp-json\/wp\/v2\/categories?post=15999"},{"taxonomy":"post_tag","embeddable":true,"href":"https:\/\/blogdodanielgalvao.com.br\/site\/wp-json\/wp\/v2\/tags?post=15999"}],"curies":[{"name":"wp","href":"https:\/\/api.w.org\/{rel}","templated":true}]}}