{"id":15992,"date":"2025-04-01T11:42:12","date_gmt":"2025-04-01T14:42:12","guid":{"rendered":"https:\/\/blogdodanielgalvao.com.br\/site\/?p=15992"},"modified":"2025-04-01T11:42:12","modified_gmt":"2025-04-01T14:42:12","slug":"casa-do-autista-em-arraial-do-cabo-celebra-1-ano-com-semana-de-atividades-especiais","status":"publish","type":"post","link":"https:\/\/blogdodanielgalvao.com.br\/site\/casa-do-autista-em-arraial-do-cabo-celebra-1-ano-com-semana-de-atividades-especiais\/","title":{"rendered":"Casa do Autista em Arraial do Cabo, celebra 1 ano com semana de atividades especiais"},"content":{"rendered":"<p>A Casa do Autista de Arraial do Cabo, primeiro espa\u00e7o do munic\u00edpio voltado ao atendimento especializado de crian\u00e7as e adolescentes com Transtorno do Espectro Autista (TEA), comemora um ano de funcionamento no pr\u00f3ximo dia 2 de abril. Para celebrar a data, que coincide com o Dia Mundial de Conscientiza\u00e7\u00e3o do Autismo, a Secretaria de Sa\u00fade preparou uma programa\u00e7\u00e3o especial que acontece entre os dias 31 de mar\u00e7o e 4 de abril.<\/p>\n<p>Atualmente, a unidade atende 200 pacientes com idades entre 2 e 17 anos e conta com uma equipe multiprofissional liderada pela psic\u00f3loga M\u00f4nica Penna Firme. O espa\u00e7o oferece atendimento psicol\u00f3gico, psicopedagogia, psicomotricidade, orienta\u00e7\u00e3o nutricional, servi\u00e7o social, psiquiatria e fonoaudiologia. Al\u00e9m disso, promove Cinoterapia (terapia com c\u00e3es), em parceria com a Guarda Municipal, e mant\u00e9m um grupo de apoio para familiares, incentivando a troca de experi\u00eancias.<\/p>\n<p>A unidade tamb\u00e9m passar\u00e1 a oferecer atividades esportivas a partir da segunda quinzena de abril, em parceria com a Secretaria de Esportes. Os assistidos poder\u00e3o escolher entre aulas de futebol e artes marciais, incentivando a socializa\u00e7\u00e3o por meio do esporte.<\/p>\n<p>&nbsp;<\/p>\n<p><strong>Programa\u00e7\u00e3o de Anivers\u00e1rio<\/strong><\/p>\n<p><strong>Segunda-feira (31\/03)\u00a0 <\/strong><\/p>\n<p>&#8211; Oficina L\u00fadica nos dois turnos<\/p>\n<p><strong>Ter\u00e7a-feira (01\/04)\u00a0 <\/strong><\/p>\n<p>&#8211; Manh\u00e3: Oficina L\u00fadica<\/p>\n<p><strong>Quarta-feira (02\/04)<\/strong><\/p>\n<p>&#8211; Passeio ao Planet\u00e1rio<\/p>\n<p><strong>Quinta-feira (03\/04)\u00a0 <\/strong><\/p>\n<p>&#8211; Manh\u00e3: Oficina L\u00fadica<\/p>\n<p>&#8211; Tarde: Festa comemorativa com a presen\u00e7a de autoridades, pais e assistidos<\/p>\n<p><strong>Sexta-feira (04\/04)<\/strong><\/p>\n<p>&#8211; Manh\u00e3: Passeio ao Museu da Marinha, em S\u00e3o Pedro da Aldeia (sa\u00edda \u00e0s 8h)<\/p>\n<p>&#8211; Tarde: Passeio ao Museu da Marinha\u00a0(sa\u00edda\u00a0\u00e0s\u00a013h)<\/p>\n","protected":false},"excerpt":{"rendered":"<p>A Casa do Autista de Arraial do Cabo, primeiro espa\u00e7o do munic\u00edpio voltado ao atendimento especializado de crian\u00e7as e adolescentes com Transtorno do Espectro Autista (TEA), comemora um ano de funcionamento no pr\u00f3ximo dia 2 de abril. Para celebrar a data, que coincide com o Dia Mundial de Conscientiza\u00e7\u00e3o do Autismo, a Secretaria de Sa\u00fade [&hellip;]<\/p>\n","protected":false},"author":2,"featured_media":15995,"comment_status":"open","ping_status":"open","sticky":true,"template":"","format":"standard","meta":{"footnotes":""},"categories":[838],"tags":[1896],"class_list":["post-15992","post","type-post","status-publish","format-standard","has-post-thumbnail","hentry","category-arraial-do-cabo","tag-destaque"],"_links":{"self":[{"href":"https:\/\/blogdodanielgalvao.com.br\/site\/wp-json\/wp\/v2\/posts\/15992","targetHints":{"allow":["GET"]}}],"collection":[{"href":"https:\/\/blogdodanielgalvao.com.br\/site\/wp-json\/wp\/v2\/posts"}],"about":[{"href":"https:\/\/blogdodanielgalvao.com.br\/site\/wp-json\/wp\/v2\/types\/post"}],"author":[{"embeddable":true,"href":"https:\/\/blogdodanielgalvao.com.br\/site\/wp-json\/wp\/v2\/users\/2"}],"replies":[{"embeddable":true,"href":"https:\/\/blogdodanielgalvao.com.br\/site\/wp-json\/wp\/v2\/comments?post=15992"}],"version-history":[{"count":1,"href":"https:\/\/blogdodanielgalvao.com.br\/site\/wp-json\/wp\/v2\/posts\/15992\/revisions"}],"predecessor-version":[{"id":15996,"href":"https:\/\/blogdodanielgalvao.com.br\/site\/wp-json\/wp\/v2\/posts\/15992\/revisions\/15996"}],"wp:featuredmedia":[{"embeddable":true,"href":"https:\/\/blogdodanielgalvao.com.br\/site\/wp-json\/wp\/v2\/media\/15995"}],"wp:attachment":[{"href":"https:\/\/blogdodanielgalvao.com.br\/site\/wp-json\/wp\/v2\/media?parent=15992"}],"wp:term":[{"taxonomy":"category","embeddable":true,"href":"https:\/\/blogdodanielgalvao.com.br\/site\/wp-json\/wp\/v2\/categories?post=15992"},{"taxonomy":"post_tag","embeddable":true,"href":"https:\/\/blogdodanielgalvao.com.br\/site\/wp-json\/wp\/v2\/tags?post=15992"}],"curies":[{"name":"wp","href":"https:\/\/api.w.org\/{rel}","templated":true}]}}