{"id":15983,"date":"2025-04-01T10:59:43","date_gmt":"2025-04-01T13:59:43","guid":{"rendered":"https:\/\/blogdodanielgalvao.com.br\/site\/?p=15983"},"modified":"2025-04-01T11:01:56","modified_gmt":"2025-04-01T14:01:56","slug":"hospital-geral-de-arraial-do-cabo-amplia-exames-com-teste-ergometrico","status":"publish","type":"post","link":"https:\/\/blogdodanielgalvao.com.br\/site\/hospital-geral-de-arraial-do-cabo-amplia-exames-com-teste-ergometrico\/","title":{"rendered":"Hospital Geral de Arraial do Cabo amplia exames com teste ergom\u00e9trico"},"content":{"rendered":"<p>A Prefeitura de Arraial do Cabo ampliou os servi\u00e7os da Central de Exames do Hospital Geral com a inclus\u00e3o do teste ergom\u00e9trico. Desde a \u00faltima sexta-feira (28), a unidade passou a contar com uma esteira espec\u00edfica para a realiza\u00e7\u00e3o do exame, fortalecendo o atendimento cardiol\u00f3gico no munic\u00edpio.<\/p>\n<p>De acordo com o diretor do hospital, Dr. Lohan Soares, a aquisi\u00e7\u00e3o do equipamento representa um avan\u00e7o na sa\u00fade p\u00fablica da cidade. \u201cO teste ergom\u00e9trico \u00e9 indicado para pacientes com sintomas card\u00edacos, como dor no peito, falta de ar e palpita\u00e7\u00f5es. Al\u00e9m disso, pode ser solicitado para atletas, hipertensos e pessoas que desejam iniciar atividades f\u00edsicas\u201d, explicou.<\/p>\n<p>Os exames ser\u00e3o realizados quinzenalmente, com a oferta de 20 vagas por m\u00eas. O agendamento deve ser feito na Central de Marca\u00e7\u00e3o, e no dia do exame, o paciente precisa apresentar o pedido m\u00e9dico original e uma c\u00f3pia dos documentos pessoais.<\/p>\n<p>Com a novidade, a Central Municipal de Exames passa a oferecer um total de 11 tipos de exames, incluindo ultrassonografia, mamografia, eletroencefalograma\u00a0e\u00a0tomografia.<\/p>\n","protected":false},"excerpt":{"rendered":"<p>A Prefeitura de Arraial do Cabo ampliou os servi\u00e7os da Central de Exames do Hospital Geral com a inclus\u00e3o do teste ergom\u00e9trico. Desde a \u00faltima sexta-feira (28), a unidade passou a contar com uma esteira espec\u00edfica para a realiza\u00e7\u00e3o do exame, fortalecendo o atendimento cardiol\u00f3gico no munic\u00edpio. De acordo com o diretor do hospital, Dr. [&hellip;]<\/p>\n","protected":false},"author":2,"featured_media":15986,"comment_status":"open","ping_status":"open","sticky":true,"template":"","format":"standard","meta":{"footnotes":""},"categories":[838],"tags":[],"class_list":["post-15983","post","type-post","status-publish","format-standard","has-post-thumbnail","hentry","category-arraial-do-cabo"],"_links":{"self":[{"href":"https:\/\/blogdodanielgalvao.com.br\/site\/wp-json\/wp\/v2\/posts\/15983","targetHints":{"allow":["GET"]}}],"collection":[{"href":"https:\/\/blogdodanielgalvao.com.br\/site\/wp-json\/wp\/v2\/posts"}],"about":[{"href":"https:\/\/blogdodanielgalvao.com.br\/site\/wp-json\/wp\/v2\/types\/post"}],"author":[{"embeddable":true,"href":"https:\/\/blogdodanielgalvao.com.br\/site\/wp-json\/wp\/v2\/users\/2"}],"replies":[{"embeddable":true,"href":"https:\/\/blogdodanielgalvao.com.br\/site\/wp-json\/wp\/v2\/comments?post=15983"}],"version-history":[{"count":1,"href":"https:\/\/blogdodanielgalvao.com.br\/site\/wp-json\/wp\/v2\/posts\/15983\/revisions"}],"predecessor-version":[{"id":15987,"href":"https:\/\/blogdodanielgalvao.com.br\/site\/wp-json\/wp\/v2\/posts\/15983\/revisions\/15987"}],"wp:featuredmedia":[{"embeddable":true,"href":"https:\/\/blogdodanielgalvao.com.br\/site\/wp-json\/wp\/v2\/media\/15986"}],"wp:attachment":[{"href":"https:\/\/blogdodanielgalvao.com.br\/site\/wp-json\/wp\/v2\/media?parent=15983"}],"wp:term":[{"taxonomy":"category","embeddable":true,"href":"https:\/\/blogdodanielgalvao.com.br\/site\/wp-json\/wp\/v2\/categories?post=15983"},{"taxonomy":"post_tag","embeddable":true,"href":"https:\/\/blogdodanielgalvao.com.br\/site\/wp-json\/wp\/v2\/tags?post=15983"}],"curies":[{"name":"wp","href":"https:\/\/api.w.org\/{rel}","templated":true}]}}