{"id":15148,"date":"2025-03-17T14:56:45","date_gmt":"2025-03-17T17:56:45","guid":{"rendered":"https:\/\/blogdodanielgalvao.com.br\/site\/?p=15148"},"modified":"2025-03-17T14:56:45","modified_gmt":"2025-03-17T17:56:45","slug":"acao-das-policias-civis-do-rio-e-de-sergipe-prende-assassino-procurado-em-cabo-frio","status":"publish","type":"post","link":"https:\/\/blogdodanielgalvao.com.br\/site\/acao-das-policias-civis-do-rio-e-de-sergipe-prende-assassino-procurado-em-cabo-frio\/","title":{"rendered":"A\u00e7\u00e3o das pol\u00edcias civis do Rio e de Sergipe prende assassino procurado em Cabo Frio"},"content":{"rendered":"<p>A Pol\u00edcia Civil de Cabo Frio prendeu, nessa quinta-feira, 13, em parceria com a Pol\u00edcia Civil de Aracaju, no Sergipe (SE), um homem procurado por homic\u00eddios cometidos na Zona Norte da capital sergipana, e que estava foragido da Justi\u00e7a.<\/p>\n<p>Com 2 mandados de pris\u00e3o expedidos pelo Tribunal de Justi\u00e7a do Estado de Sergipe (TJSE), o fugitivo teria sido localizado em um endere\u00e7o na Avenida Wilson Mendes, 70, no Jacar\u00e9, em uma das principais vias de liga\u00e7\u00e3o com a regi\u00e3o central da cidade.<\/p>\n<p>Segundo informa\u00e7\u00f5es, o homem seria acusado de participar de uma s\u00e9rie de assassinatos relacionados a fac\u00e7\u00f5es criminosas de Aracaju, al\u00e9m do envolvimento em confrontos violentos por dom\u00ednio de territ\u00f3rios do tr\u00e1fico de drogas nos bairros de Jap\u00e3ozinho, Cidade Nova e Lamar\u00e3o, na Zona Norte da cidade.<\/p>\n<p>Entre os crimes ligados a ele, estaria o assassinato de um conselheiro tutelar de Aracaju, durante um atentado que visava a morte do irm\u00e3o do l\u00edder de uma fac\u00e7\u00e3o rival, ocorrido em mar\u00e7o do ano passado, em Jap\u00e3ozinho.<\/p>\n<p>Gra\u00e7as \u00e0 troca de informa\u00e7\u00f5es de intelig\u00eancia entre as duas pol\u00edcias civis, do Rio e de Sergipe, a pris\u00e3o do criminoso aconteceu durante a Opera\u00e7\u00e3o Espoliador, considerada a maior da hist\u00f3ria da Pol\u00edcia Civil do Rio, que, desde a \u00faltima quinta-feira, j\u00e1 foi respons\u00e1vel pela pris\u00e3o de mais de 700 pessoas ligadas a crimes de tr\u00e1fico de drogas, roubo, assassinato e recepta\u00e7\u00e3o.<\/p>\n","protected":false},"excerpt":{"rendered":"<p>A Pol\u00edcia Civil de Cabo Frio prendeu, nessa quinta-feira, 13, em parceria com a Pol\u00edcia Civil de Aracaju, no Sergipe (SE), um homem procurado por homic\u00eddios cometidos na Zona Norte da capital sergipana, e que estava foragido da Justi\u00e7a. Com 2 mandados de pris\u00e3o expedidos pelo Tribunal de Justi\u00e7a do Estado de Sergipe (TJSE), o [&hellip;]<\/p>\n","protected":false},"author":2,"featured_media":15149,"comment_status":"open","ping_status":"open","sticky":true,"template":"","format":"standard","meta":{"footnotes":""},"categories":[340],"tags":[1896],"class_list":["post-15148","post","type-post","status-publish","format-standard","has-post-thumbnail","hentry","category-cabo-frio","tag-destaque"],"_links":{"self":[{"href":"https:\/\/blogdodanielgalvao.com.br\/site\/wp-json\/wp\/v2\/posts\/15148","targetHints":{"allow":["GET"]}}],"collection":[{"href":"https:\/\/blogdodanielgalvao.com.br\/site\/wp-json\/wp\/v2\/posts"}],"about":[{"href":"https:\/\/blogdodanielgalvao.com.br\/site\/wp-json\/wp\/v2\/types\/post"}],"author":[{"embeddable":true,"href":"https:\/\/blogdodanielgalvao.com.br\/site\/wp-json\/wp\/v2\/users\/2"}],"replies":[{"embeddable":true,"href":"https:\/\/blogdodanielgalvao.com.br\/site\/wp-json\/wp\/v2\/comments?post=15148"}],"version-history":[{"count":1,"href":"https:\/\/blogdodanielgalvao.com.br\/site\/wp-json\/wp\/v2\/posts\/15148\/revisions"}],"predecessor-version":[{"id":15150,"href":"https:\/\/blogdodanielgalvao.com.br\/site\/wp-json\/wp\/v2\/posts\/15148\/revisions\/15150"}],"wp:featuredmedia":[{"embeddable":true,"href":"https:\/\/blogdodanielgalvao.com.br\/site\/wp-json\/wp\/v2\/media\/15149"}],"wp:attachment":[{"href":"https:\/\/blogdodanielgalvao.com.br\/site\/wp-json\/wp\/v2\/media?parent=15148"}],"wp:term":[{"taxonomy":"category","embeddable":true,"href":"https:\/\/blogdodanielgalvao.com.br\/site\/wp-json\/wp\/v2\/categories?post=15148"},{"taxonomy":"post_tag","embeddable":true,"href":"https:\/\/blogdodanielgalvao.com.br\/site\/wp-json\/wp\/v2\/tags?post=15148"}],"curies":[{"name":"wp","href":"https:\/\/api.w.org\/{rel}","templated":true}]}}