{"id":15014,"date":"2025-03-13T15:23:08","date_gmt":"2025-03-13T18:23:08","guid":{"rendered":"https:\/\/blogdodanielgalvao.com.br\/site\/?p=15014"},"modified":"2025-03-13T15:23:08","modified_gmt":"2025-03-13T18:23:08","slug":"seminario-de-capacitacao-na-camara-de-macae-contou-com-grande-adesao-de-servidores","status":"publish","type":"post","link":"https:\/\/blogdodanielgalvao.com.br\/site\/seminario-de-capacitacao-na-camara-de-macae-contou-com-grande-adesao-de-servidores\/","title":{"rendered":"Semin\u00e1rio de capacita\u00e7\u00e3o na C\u00e2mara de Maca\u00e9 contou com grande ades\u00e3o de servidores"},"content":{"rendered":"<p>Os servidores da C\u00e2mara Municipal de Maca\u00e9 participaram nesta quinta-feira (13) do Semin\u00e1rio de Capacita\u00e7\u00e3o Legislativa. O treinamento teve como objetivo central padronizar os processos administrativos e partiu dos pr\u00f3prios servidores da Casa.<\/p>\n<p>O Semin\u00e1rio contou com grande ades\u00e3o de servidores, principalmente das assessorias dos vereadores que est\u00e3o em seu primeiro mandato. O presidente da Casa, Alan Mansur (Cidadania) afirmou que novos cursos j\u00e1 est\u00e3o sendo planejados.<\/p>\n<p>\u201cReconhecemos a import\u00e2ncia de cada profissional e buscamos uma gest\u00e3o que os valorize, pois os nossos servidores desempenham o trabalho essencial. Eu tenho a certeza de que, juntos, teremos resultados ainda mais positivos ao longo do ano\u201d, disse Alan. O presidente da C\u00e2mara aproveitou tamb\u00e9m para fazer um agradecimento especial \u00e0 Diretoria de Assuntos Legislativos e \u00e0 Escola do Legislativo, que foram respons\u00e1veis pela elabora\u00e7\u00e3o do semin\u00e1rio.<\/p>\n<p>Primeira secret\u00e1ria, Leandra Lopes (PT) refor\u00e7ou as palavras do presidente. \u201cConhecimento \u00e9 algo que levamos para a vida. Tamb\u00e9m sou uma das novatas e ainda estou me familiarizando com os protocolos. Cada gabinete tem autonomia de trabalho, mas precisamos padronizar as rotinas e os documentos, fazendo com que os processos sejam mais eficientes.\u201d<\/p>\n<p>Dentre os temas do semin\u00e1rio que se destacaram est\u00e3o: reda\u00e7\u00e3o oficial, an\u00e1lise pr\u00e1tica do Regimento Interno, No\u00e7\u00f5es B\u00e1sicas para Elabora\u00e7\u00e3o de Atas e uma atividade sobre o Sistema de Apoio ao Processo Legislativo (SAPL). A ferramenta garante acesso aos trabalhos desenvolvidos por cada gabinete, bem como \u00e0s pautas das sess\u00f5es e \u00e0 tramita\u00e7\u00e3o de mat\u00e9rias na Casa, incluindo propostas do Executivo.<\/p>\n","protected":false},"excerpt":{"rendered":"<p>Os servidores da C\u00e2mara Municipal de Maca\u00e9 participaram nesta quinta-feira (13) do Semin\u00e1rio de Capacita\u00e7\u00e3o Legislativa. O treinamento teve como objetivo central padronizar os processos administrativos e partiu dos pr\u00f3prios servidores da Casa. O Semin\u00e1rio contou com grande ades\u00e3o de servidores, principalmente das assessorias dos vereadores que est\u00e3o em seu primeiro mandato. O presidente da [&hellip;]<\/p>\n","protected":false},"author":2,"featured_media":15015,"comment_status":"open","ping_status":"open","sticky":true,"template":"","format":"standard","meta":{"footnotes":""},"categories":[2],"tags":[1896],"class_list":["post-15014","post","type-post","status-publish","format-standard","has-post-thumbnail","hentry","category-macae","tag-destaque"],"_links":{"self":[{"href":"https:\/\/blogdodanielgalvao.com.br\/site\/wp-json\/wp\/v2\/posts\/15014","targetHints":{"allow":["GET"]}}],"collection":[{"href":"https:\/\/blogdodanielgalvao.com.br\/site\/wp-json\/wp\/v2\/posts"}],"about":[{"href":"https:\/\/blogdodanielgalvao.com.br\/site\/wp-json\/wp\/v2\/types\/post"}],"author":[{"embeddable":true,"href":"https:\/\/blogdodanielgalvao.com.br\/site\/wp-json\/wp\/v2\/users\/2"}],"replies":[{"embeddable":true,"href":"https:\/\/blogdodanielgalvao.com.br\/site\/wp-json\/wp\/v2\/comments?post=15014"}],"version-history":[{"count":1,"href":"https:\/\/blogdodanielgalvao.com.br\/site\/wp-json\/wp\/v2\/posts\/15014\/revisions"}],"predecessor-version":[{"id":15016,"href":"https:\/\/blogdodanielgalvao.com.br\/site\/wp-json\/wp\/v2\/posts\/15014\/revisions\/15016"}],"wp:featuredmedia":[{"embeddable":true,"href":"https:\/\/blogdodanielgalvao.com.br\/site\/wp-json\/wp\/v2\/media\/15015"}],"wp:attachment":[{"href":"https:\/\/blogdodanielgalvao.com.br\/site\/wp-json\/wp\/v2\/media?parent=15014"}],"wp:term":[{"taxonomy":"category","embeddable":true,"href":"https:\/\/blogdodanielgalvao.com.br\/site\/wp-json\/wp\/v2\/categories?post=15014"},{"taxonomy":"post_tag","embeddable":true,"href":"https:\/\/blogdodanielgalvao.com.br\/site\/wp-json\/wp\/v2\/tags?post=15014"}],"curies":[{"name":"wp","href":"https:\/\/api.w.org\/{rel}","templated":true}]}}