{"id":15010,"date":"2025-03-13T15:15:11","date_gmt":"2025-03-13T18:15:11","guid":{"rendered":"https:\/\/blogdodanielgalvao.com.br\/site\/?p=15010"},"modified":"2025-03-13T15:16:11","modified_gmt":"2025-03-13T18:16:11","slug":"operacao-retira-construcoes-irregulares-em-area-de-preservacao-ambiental-em-cabo-frio","status":"publish","type":"post","link":"https:\/\/blogdodanielgalvao.com.br\/site\/operacao-retira-construcoes-irregulares-em-area-de-preservacao-ambiental-em-cabo-frio\/","title":{"rendered":"Opera\u00e7\u00e3o retira constru\u00e7\u00f5es irregulares em \u00e1rea de preserva\u00e7\u00e3o ambiental em Cabo Frio"},"content":{"rendered":"<p>Duas constru\u00e7\u00f5es irregulares foram removidas nesta quinta-feira (13) em uma opera\u00e7\u00e3o conjunta da Secretaria de Meio Ambiente, Saneamento e Clima de Cabo Frio, Comsercaf e Instituto Estadual do Ambiente (Inea). A a\u00e7\u00e3o ocorreu na Rua 5, no bairro Guriri, dentro do Parque Estadual da Costa do Sol (PecSol), onde tamb\u00e9m foi realizada a limpeza de entulhos acumulados na regi\u00e3o.<\/p>\n<p>Segundo a Secretaria, a maioria dos moradores j\u00e1 tinha conhecimento das restri\u00e7\u00f5es ambientais na \u00e1rea, uma vez que h\u00e1 monitoramento constante e processos judiciais em andamento. No entanto, algumas pessoas ainda insistem em construir de forma irregular, desrespeitando as normas ambientais.<\/p>\n<p>O secret\u00e1rio de Meio Ambiente, Saneamento e Clima, Jailton Nogueira, ressaltou que a fiscaliza\u00e7\u00e3o na regi\u00e3o \u00e9 cont\u00ednua e que a equipe est\u00e1 empenhada em impedir a ocupa\u00e7\u00e3o ilegal. \u201cNosso compromisso \u00e9 garantir a preserva\u00e7\u00e3o ambiental e a seguran\u00e7a da popula\u00e7\u00e3o. Seguimos monitorando a \u00e1rea e atuando de forma rigorosa para coibir constru\u00e7\u00f5es irregulares, sempre contando com o apoio da comunidade\u201d, afirmou.<\/p>\n<p>A popula\u00e7\u00e3o pode contribuir denunciando ocupa\u00e7\u00f5es irregulares pelos canais oficiais da Secretaria de Meio Ambiente: pelo telefone (22) 3199-1313, pelo e-mail meioambiente@cabofrio.rj.gov.br ou presencialmente na Rua Jos\u00e9 Bonif\u00e1cio, 28 (2\u00ba\u00a0andar),\u00a0Centro.<\/p>\n","protected":false},"excerpt":{"rendered":"<p>Duas constru\u00e7\u00f5es irregulares foram removidas nesta quinta-feira (13) em uma opera\u00e7\u00e3o conjunta da Secretaria de Meio Ambiente, Saneamento e Clima de Cabo Frio, Comsercaf e Instituto Estadual do Ambiente (Inea). A a\u00e7\u00e3o ocorreu na Rua 5, no bairro Guriri, dentro do Parque Estadual da Costa do Sol (PecSol), onde tamb\u00e9m foi realizada a limpeza de [&hellip;]<\/p>\n","protected":false},"author":2,"featured_media":15011,"comment_status":"open","ping_status":"open","sticky":true,"template":"","format":"standard","meta":{"footnotes":""},"categories":[340],"tags":[1896],"class_list":["post-15010","post","type-post","status-publish","format-standard","has-post-thumbnail","hentry","category-cabo-frio","tag-destaque"],"_links":{"self":[{"href":"https:\/\/blogdodanielgalvao.com.br\/site\/wp-json\/wp\/v2\/posts\/15010","targetHints":{"allow":["GET"]}}],"collection":[{"href":"https:\/\/blogdodanielgalvao.com.br\/site\/wp-json\/wp\/v2\/posts"}],"about":[{"href":"https:\/\/blogdodanielgalvao.com.br\/site\/wp-json\/wp\/v2\/types\/post"}],"author":[{"embeddable":true,"href":"https:\/\/blogdodanielgalvao.com.br\/site\/wp-json\/wp\/v2\/users\/2"}],"replies":[{"embeddable":true,"href":"https:\/\/blogdodanielgalvao.com.br\/site\/wp-json\/wp\/v2\/comments?post=15010"}],"version-history":[{"count":1,"href":"https:\/\/blogdodanielgalvao.com.br\/site\/wp-json\/wp\/v2\/posts\/15010\/revisions"}],"predecessor-version":[{"id":15012,"href":"https:\/\/blogdodanielgalvao.com.br\/site\/wp-json\/wp\/v2\/posts\/15010\/revisions\/15012"}],"wp:featuredmedia":[{"embeddable":true,"href":"https:\/\/blogdodanielgalvao.com.br\/site\/wp-json\/wp\/v2\/media\/15011"}],"wp:attachment":[{"href":"https:\/\/blogdodanielgalvao.com.br\/site\/wp-json\/wp\/v2\/media?parent=15010"}],"wp:term":[{"taxonomy":"category","embeddable":true,"href":"https:\/\/blogdodanielgalvao.com.br\/site\/wp-json\/wp\/v2\/categories?post=15010"},{"taxonomy":"post_tag","embeddable":true,"href":"https:\/\/blogdodanielgalvao.com.br\/site\/wp-json\/wp\/v2\/tags?post=15010"}],"curies":[{"name":"wp","href":"https:\/\/api.w.org\/{rel}","templated":true}]}}