{"id":15007,"date":"2025-03-13T15:03:47","date_gmt":"2025-03-13T18:03:47","guid":{"rendered":"https:\/\/blogdodanielgalvao.com.br\/site\/?p=15007"},"modified":"2025-03-13T15:03:47","modified_gmt":"2025-03-13T18:03:47","slug":"mutirao-do-procon-e-oab-rj-oferece-atendimento-gratuito-em-arraial-do-cabo-e-cabo-frio","status":"publish","type":"post","link":"https:\/\/blogdodanielgalvao.com.br\/site\/mutirao-do-procon-e-oab-rj-oferece-atendimento-gratuito-em-arraial-do-cabo-e-cabo-frio\/","title":{"rendered":"Mutir\u00e3o do PROCON e OAB\/RJ oferece atendimento gratuito em Arraial do Cabo e Cabo Frio"},"content":{"rendered":"<p>Em comemora\u00e7\u00e3o ao Dia do Consumidor, o PROCON de Arraial do Cabo e Cabo Frio, em parceria com a OAB\/RJ, promove um mutir\u00e3o de atendimento gratuito no dia 17 de mar\u00e7o, das 9h \u00e0s 16h. A iniciativa tem o objetivo de esclarecer d\u00favidas da popula\u00e7\u00e3o e garantir a defesa dos direitos dos consumidores.<\/p>\n<p>&nbsp;<\/p>\n<p><strong>O atendimento ser\u00e1 realizado em seis pontos estrat\u00e9gicos das duas cidades:\u00a0 <\/strong><\/p>\n<p>&#8211; <strong>Arraial do Cabo:<\/strong> Pra\u00e7a do Sindicato e Pra\u00e7a Maria Peres (Centro)<\/p>\n<p>&#8211; <strong>Cabo Frio:<\/strong> Pra\u00e7a Porto Rocha (Centro), Pra\u00e7a do Moinho (Per\u00f3), Shopping Unapark (Unamar) e Jardim Esperan\u00e7a (pr\u00f3ximo ao Hospital Otime Cardoso dos Santos)<\/p>\n<p>&nbsp;<\/p>\n<p>A a\u00e7\u00e3o busca oferecer suporte jur\u00eddico, orientar consumidores sobre quest\u00f5es relacionadas a compras, contratos e servi\u00e7os, al\u00e9m de auxiliar na resolu\u00e7\u00e3o de conflitos.<\/p>\n<p>Moradores que enfrentam problemas de consumo podem aproveitar a oportunidade para receber orienta\u00e7\u00f5es de especialistas e buscar solu\u00e7\u00f5es para\u00a0suas\u00a0demandas.<\/p>\n","protected":false},"excerpt":{"rendered":"<p>Em comemora\u00e7\u00e3o ao Dia do Consumidor, o PROCON de Arraial do Cabo e Cabo Frio, em parceria com a OAB\/RJ, promove um mutir\u00e3o de atendimento gratuito no dia 17 de mar\u00e7o, das 9h \u00e0s 16h. A iniciativa tem o objetivo de esclarecer d\u00favidas da popula\u00e7\u00e3o e garantir a defesa dos direitos dos consumidores. &nbsp; O [&hellip;]<\/p>\n","protected":false},"author":2,"featured_media":15008,"comment_status":"open","ping_status":"open","sticky":true,"template":"","format":"standard","meta":{"footnotes":""},"categories":[838],"tags":[1896],"class_list":["post-15007","post","type-post","status-publish","format-standard","has-post-thumbnail","hentry","category-arraial-do-cabo","tag-destaque"],"_links":{"self":[{"href":"https:\/\/blogdodanielgalvao.com.br\/site\/wp-json\/wp\/v2\/posts\/15007","targetHints":{"allow":["GET"]}}],"collection":[{"href":"https:\/\/blogdodanielgalvao.com.br\/site\/wp-json\/wp\/v2\/posts"}],"about":[{"href":"https:\/\/blogdodanielgalvao.com.br\/site\/wp-json\/wp\/v2\/types\/post"}],"author":[{"embeddable":true,"href":"https:\/\/blogdodanielgalvao.com.br\/site\/wp-json\/wp\/v2\/users\/2"}],"replies":[{"embeddable":true,"href":"https:\/\/blogdodanielgalvao.com.br\/site\/wp-json\/wp\/v2\/comments?post=15007"}],"version-history":[{"count":1,"href":"https:\/\/blogdodanielgalvao.com.br\/site\/wp-json\/wp\/v2\/posts\/15007\/revisions"}],"predecessor-version":[{"id":15009,"href":"https:\/\/blogdodanielgalvao.com.br\/site\/wp-json\/wp\/v2\/posts\/15007\/revisions\/15009"}],"wp:featuredmedia":[{"embeddable":true,"href":"https:\/\/blogdodanielgalvao.com.br\/site\/wp-json\/wp\/v2\/media\/15008"}],"wp:attachment":[{"href":"https:\/\/blogdodanielgalvao.com.br\/site\/wp-json\/wp\/v2\/media?parent=15007"}],"wp:term":[{"taxonomy":"category","embeddable":true,"href":"https:\/\/blogdodanielgalvao.com.br\/site\/wp-json\/wp\/v2\/categories?post=15007"},{"taxonomy":"post_tag","embeddable":true,"href":"https:\/\/blogdodanielgalvao.com.br\/site\/wp-json\/wp\/v2\/tags?post=15007"}],"curies":[{"name":"wp","href":"https:\/\/api.w.org\/{rel}","templated":true}]}}