{"id":15004,"date":"2025-03-13T14:21:41","date_gmt":"2025-03-13T17:21:41","guid":{"rendered":"https:\/\/blogdodanielgalvao.com.br\/site\/?p=15004"},"modified":"2025-03-13T14:21:41","modified_gmt":"2025-03-13T17:21:41","slug":"arraial-do-cabo-inaugura-novas-creches-com-ambiente-moderno-e-acolhedor","status":"publish","type":"post","link":"https:\/\/blogdodanielgalvao.com.br\/site\/arraial-do-cabo-inaugura-novas-creches-com-ambiente-moderno-e-acolhedor\/","title":{"rendered":"Arraial do Cabo inaugura novas creches com ambiente moderno e acolhedor"},"content":{"rendered":"<p>As aulas come\u00e7aram em grande estilo para os pequenos de Arraial do Cabo! Duas novas creches abriram as portas nesta semana, trazendo mais conforto e qualidade para a educa\u00e7\u00e3o infantil no munic\u00edpio. Ap\u00f3s um per\u00edodo de reformas e ajustes, a Creche Helena Saraiva, no bairro Novo Arraial, e a Creche I\u00eada Corr\u00eaa de Macedo, em Monte Alto, receberam seus primeiros alunos em um ambiente preparado para proporcionar aprendizado e bem-estar.<\/p>\n<p>Desde o primeiro dia, as unidades foram tomadas por sorrisos e muita anima\u00e7\u00e3o. Brincadeiras, m\u00fasica e conta\u00e7\u00e3o de hist\u00f3rias marcaram o in\u00edcio dessa nova etapa. Em Monte Alto, a recep\u00e7\u00e3o teve at\u00e9 personagens vivos e um lanche especial, garantindo um momento inesquec\u00edvel para as crian\u00e7as e suas fam\u00edlias.<\/p>\n<p>Segundo Marta Gandard, diretora da Creche I\u00eada Corr\u00eaa, o sentimento \u00e9 de realiza\u00e7\u00e3o. \u201cEstamos muito felizes com essa conquista para o nosso distrito. Nossa equipe est\u00e1 empenhada em oferecer o melhor para os alunos. Al\u00e9m disso, o apoio das fam\u00edlias tem sido essencial para esse in\u00edcio de ano letivo t\u00e3o positivo\u201d, destacou.<\/p>\n<p>J\u00e1 em Novo Arraial, a estrutura moderna chama a aten\u00e7\u00e3o. Salas amplas, banheiros acess\u00edveis, parquinho, refeit\u00f3rio e outros espa\u00e7os bem equipados garantem conforto e seguran\u00e7a para os pequenos.<\/p>\n<p>Para Washington, pai do pequeno Mateus, a nova creche superou as expectativas. \u201cFico feliz em ver meu filho estudando em um ambiente t\u00e3o bem estruturado. A equipe tamb\u00e9m nos recebeu muito bem, o que nos deixa ainda mais tranquilos\u201d, afirmou.<\/p>\n<p>Com essas inaugura\u00e7\u00f5es, a Prefeitura de Arraial do Cabo refor\u00e7a o compromisso com a educa\u00e7\u00e3o infantil, proporcionando mais vagas e um ensino de qualidade para as crian\u00e7as\u00a0do\u00a0munic\u00edpio.<\/p>\n","protected":false},"excerpt":{"rendered":"<p>As aulas come\u00e7aram em grande estilo para os pequenos de Arraial do Cabo! Duas novas creches abriram as portas nesta semana, trazendo mais conforto e qualidade para a educa\u00e7\u00e3o infantil no munic\u00edpio. Ap\u00f3s um per\u00edodo de reformas e ajustes, a Creche Helena Saraiva, no bairro Novo Arraial, e a Creche I\u00eada Corr\u00eaa de Macedo, em [&hellip;]<\/p>\n","protected":false},"author":2,"featured_media":15005,"comment_status":"open","ping_status":"open","sticky":true,"template":"","format":"standard","meta":{"footnotes":""},"categories":[838],"tags":[],"class_list":["post-15004","post","type-post","status-publish","format-standard","has-post-thumbnail","hentry","category-arraial-do-cabo"],"_links":{"self":[{"href":"https:\/\/blogdodanielgalvao.com.br\/site\/wp-json\/wp\/v2\/posts\/15004","targetHints":{"allow":["GET"]}}],"collection":[{"href":"https:\/\/blogdodanielgalvao.com.br\/site\/wp-json\/wp\/v2\/posts"}],"about":[{"href":"https:\/\/blogdodanielgalvao.com.br\/site\/wp-json\/wp\/v2\/types\/post"}],"author":[{"embeddable":true,"href":"https:\/\/blogdodanielgalvao.com.br\/site\/wp-json\/wp\/v2\/users\/2"}],"replies":[{"embeddable":true,"href":"https:\/\/blogdodanielgalvao.com.br\/site\/wp-json\/wp\/v2\/comments?post=15004"}],"version-history":[{"count":1,"href":"https:\/\/blogdodanielgalvao.com.br\/site\/wp-json\/wp\/v2\/posts\/15004\/revisions"}],"predecessor-version":[{"id":15006,"href":"https:\/\/blogdodanielgalvao.com.br\/site\/wp-json\/wp\/v2\/posts\/15004\/revisions\/15006"}],"wp:featuredmedia":[{"embeddable":true,"href":"https:\/\/blogdodanielgalvao.com.br\/site\/wp-json\/wp\/v2\/media\/15005"}],"wp:attachment":[{"href":"https:\/\/blogdodanielgalvao.com.br\/site\/wp-json\/wp\/v2\/media?parent=15004"}],"wp:term":[{"taxonomy":"category","embeddable":true,"href":"https:\/\/blogdodanielgalvao.com.br\/site\/wp-json\/wp\/v2\/categories?post=15004"},{"taxonomy":"post_tag","embeddable":true,"href":"https:\/\/blogdodanielgalvao.com.br\/site\/wp-json\/wp\/v2\/tags?post=15004"}],"curies":[{"name":"wp","href":"https:\/\/api.w.org\/{rel}","templated":true}]}}