{"id":15001,"date":"2025-03-13T13:23:11","date_gmt":"2025-03-13T16:23:11","guid":{"rendered":"https:\/\/blogdodanielgalvao.com.br\/site\/?p=15001"},"modified":"2025-03-13T13:23:11","modified_gmt":"2025-03-13T16:23:11","slug":"denuncia-repassada-pela-alerj-resulta-em-acao-da-pm-que-apreende-mais-de-36kg-de-drogas-em-marica","status":"publish","type":"post","link":"https:\/\/blogdodanielgalvao.com.br\/site\/denuncia-repassada-pela-alerj-resulta-em-acao-da-pm-que-apreende-mais-de-36kg-de-drogas-em-marica\/","title":{"rendered":"Den\u00fancia repassada pela Alerj resulta em a\u00e7\u00e3o da PM que apreende mais de 36kg de drogas em Maric\u00e1"},"content":{"rendered":"<p>Uma opera\u00e7\u00e3o do 12\u00ba Batalh\u00e3o de Pol\u00edcia Militar (12\u00ba BPM) em Maric\u00e1, nessa quarta-feira, 12, provocou um enorme preju\u00edzo para o tr\u00e1fico de drogas da Regi\u00e3o Metropolitana do Rio com a apreens\u00e3o de mais de 36 quilos (kg) de drogas.<\/p>\n<p>A a\u00e7\u00e3o aconteceu ap\u00f3s uma den\u00fancia repassada pelo gabinete do presidente da Comiss\u00e3o de Seguran\u00e7a P\u00fablica e Assuntos de Pol\u00edcia da Assembleia Legislativa do Estado do Rio (Alerj), deputado estadual M\u00e1rcio Gualberto (PL).<\/p>\n<p>Partindo para verificar a den\u00fancia, os policiais identificaram 3 homens vendendo drogas em frente de uma casa abandonada na Rua Quarenta e Tr\u00eas, em um condom\u00ednio do Programa Minha Casa, Minha Vida, em Itaipua\u00e7u.<\/p>\n<p>Depois de deter os traficantes, os policiais encontraram uma enorme quantidade de drogas na casa, totalizando 36,71 kg de drogas, sendo 35,71 kg de coca\u00edna armazenada em 22.861 pinos, e 1,1 kg de crack, embalado em 3.500 unidades.<\/p>\n<p>De acordo com o 12\u00ba BPM, ap\u00f3s a opera\u00e7\u00e3o, os 3 homens presos foram levados para a 82\u00aa Delegacia Policial (82 DP), de Maric\u00e1, assim como todo o material apreendido, que foi registrado e segue \u00e0 disposi\u00e7\u00e3o da Justi\u00e7a.<\/p>\n","protected":false},"excerpt":{"rendered":"<p>Uma opera\u00e7\u00e3o do 12\u00ba Batalh\u00e3o de Pol\u00edcia Militar (12\u00ba BPM) em Maric\u00e1, nessa quarta-feira, 12, provocou um enorme preju\u00edzo para o tr\u00e1fico de drogas da Regi\u00e3o Metropolitana do Rio com a apreens\u00e3o de mais de 36 quilos (kg) de drogas. A a\u00e7\u00e3o aconteceu ap\u00f3s uma den\u00fancia repassada pelo gabinete do presidente da Comiss\u00e3o de Seguran\u00e7a [&hellip;]<\/p>\n","protected":false},"author":2,"featured_media":15002,"comment_status":"open","ping_status":"open","sticky":true,"template":"","format":"standard","meta":{"footnotes":""},"categories":[299],"tags":[1896],"class_list":["post-15001","post","type-post","status-publish","format-standard","has-post-thumbnail","hentry","category-marica","tag-destaque"],"_links":{"self":[{"href":"https:\/\/blogdodanielgalvao.com.br\/site\/wp-json\/wp\/v2\/posts\/15001","targetHints":{"allow":["GET"]}}],"collection":[{"href":"https:\/\/blogdodanielgalvao.com.br\/site\/wp-json\/wp\/v2\/posts"}],"about":[{"href":"https:\/\/blogdodanielgalvao.com.br\/site\/wp-json\/wp\/v2\/types\/post"}],"author":[{"embeddable":true,"href":"https:\/\/blogdodanielgalvao.com.br\/site\/wp-json\/wp\/v2\/users\/2"}],"replies":[{"embeddable":true,"href":"https:\/\/blogdodanielgalvao.com.br\/site\/wp-json\/wp\/v2\/comments?post=15001"}],"version-history":[{"count":1,"href":"https:\/\/blogdodanielgalvao.com.br\/site\/wp-json\/wp\/v2\/posts\/15001\/revisions"}],"predecessor-version":[{"id":15003,"href":"https:\/\/blogdodanielgalvao.com.br\/site\/wp-json\/wp\/v2\/posts\/15001\/revisions\/15003"}],"wp:featuredmedia":[{"embeddable":true,"href":"https:\/\/blogdodanielgalvao.com.br\/site\/wp-json\/wp\/v2\/media\/15002"}],"wp:attachment":[{"href":"https:\/\/blogdodanielgalvao.com.br\/site\/wp-json\/wp\/v2\/media?parent=15001"}],"wp:term":[{"taxonomy":"category","embeddable":true,"href":"https:\/\/blogdodanielgalvao.com.br\/site\/wp-json\/wp\/v2\/categories?post=15001"},{"taxonomy":"post_tag","embeddable":true,"href":"https:\/\/blogdodanielgalvao.com.br\/site\/wp-json\/wp\/v2\/tags?post=15001"}],"curies":[{"name":"wp","href":"https:\/\/api.w.org\/{rel}","templated":true}]}}