{"id":13686,"date":"2025-02-19T17:32:38","date_gmt":"2025-02-19T20:32:38","guid":{"rendered":"https:\/\/blogdodanielgalvao.com.br\/site\/?p=13686"},"modified":"2025-02-19T17:32:38","modified_gmt":"2025-02-19T20:32:38","slug":"vereadores-aprovam-medidas-para-sustentabilidade-e-acessibilidade-em-macae","status":"publish","type":"post","link":"https:\/\/blogdodanielgalvao.com.br\/site\/vereadores-aprovam-medidas-para-sustentabilidade-e-acessibilidade-em-macae\/","title":{"rendered":"Vereadores aprovam medidas para sustentabilidade e acessibilidade em Maca\u00e9"},"content":{"rendered":"<p>Os vereadores de Maca\u00e9 aprovaram, nesta quarta-feira (19), a retomada de duas frentes parlamentares voltadas para a sustentabilidade e a inclus\u00e3o social. O objetivo \u00e9 refor\u00e7ar o compromisso da C\u00e2mara com pol\u00edticas p\u00fablicas nessas \u00e1reas.<\/p>\n<p>O vereador Luciano Diniz (Cidadania) defendeu a reativa\u00e7\u00e3o da Frente Parlamentar para a Despolui\u00e7\u00e3o da Lagoa de Imboassica, que tem o prop\u00f3sito de promover iniciativas sustent\u00e1veis para a preserva\u00e7\u00e3o do ecossistema da regi\u00e3o.<\/p>\n<p>J\u00e1 o vereador Cesinha (Cidadania) refor\u00e7ou a import\u00e2ncia da Frente Parlamentar em Defesa da Pessoa com Defici\u00eancia (PcD). \u201cTemos muitos desafios na pauta inclusiva, principalmente nas pol\u00edticas de sa\u00fade e educa\u00e7\u00e3o. Neste sentido, \u00e9 fundamental que a C\u00e2mara participe de forma ativa\u201d, argumentou.<\/p>\n<p>Para formalizar a retomada dos grupos de trabalho, a Mesa Diretora da C\u00e2mara precisa apresentar projetos de resolu\u00e7\u00e3o indicando os vereadores que ir\u00e3o compor as frentes parlamentares. O presidente da Casa, Alan Mansur (Cidadania), afirmou que dar\u00e1 celeridade ao processo.<\/p>\n<p>Antes da vota\u00e7\u00e3o, Liomar Queiroz (Agir) teve aprovada uma proposi\u00e7\u00e3o para a realiza\u00e7\u00e3o de um levantamento sobre a popula\u00e7\u00e3o com defici\u00eancia no munic\u00edpio. \u201cS\u00f3 sabendo quantas s\u00e3o e quem s\u00e3o essas pessoas, poderemos atend\u00ea-las de forma eficiente\u201d, destacou.<\/p>\n","protected":false},"excerpt":{"rendered":"<p>Os vereadores de Maca\u00e9 aprovaram, nesta quarta-feira (19), a retomada de duas frentes parlamentares voltadas para a sustentabilidade e a inclus\u00e3o social. O objetivo \u00e9 refor\u00e7ar o compromisso da C\u00e2mara com pol\u00edticas p\u00fablicas nessas \u00e1reas. O vereador Luciano Diniz (Cidadania) defendeu a reativa\u00e7\u00e3o da Frente Parlamentar para a Despolui\u00e7\u00e3o da Lagoa de Imboassica, que tem [&hellip;]<\/p>\n","protected":false},"author":2,"featured_media":13687,"comment_status":"open","ping_status":"open","sticky":true,"template":"","format":"standard","meta":{"footnotes":""},"categories":[2],"tags":[1896],"class_list":["post-13686","post","type-post","status-publish","format-standard","has-post-thumbnail","hentry","category-macae","tag-destaque"],"_links":{"self":[{"href":"https:\/\/blogdodanielgalvao.com.br\/site\/wp-json\/wp\/v2\/posts\/13686","targetHints":{"allow":["GET"]}}],"collection":[{"href":"https:\/\/blogdodanielgalvao.com.br\/site\/wp-json\/wp\/v2\/posts"}],"about":[{"href":"https:\/\/blogdodanielgalvao.com.br\/site\/wp-json\/wp\/v2\/types\/post"}],"author":[{"embeddable":true,"href":"https:\/\/blogdodanielgalvao.com.br\/site\/wp-json\/wp\/v2\/users\/2"}],"replies":[{"embeddable":true,"href":"https:\/\/blogdodanielgalvao.com.br\/site\/wp-json\/wp\/v2\/comments?post=13686"}],"version-history":[{"count":1,"href":"https:\/\/blogdodanielgalvao.com.br\/site\/wp-json\/wp\/v2\/posts\/13686\/revisions"}],"predecessor-version":[{"id":13688,"href":"https:\/\/blogdodanielgalvao.com.br\/site\/wp-json\/wp\/v2\/posts\/13686\/revisions\/13688"}],"wp:featuredmedia":[{"embeddable":true,"href":"https:\/\/blogdodanielgalvao.com.br\/site\/wp-json\/wp\/v2\/media\/13687"}],"wp:attachment":[{"href":"https:\/\/blogdodanielgalvao.com.br\/site\/wp-json\/wp\/v2\/media?parent=13686"}],"wp:term":[{"taxonomy":"category","embeddable":true,"href":"https:\/\/blogdodanielgalvao.com.br\/site\/wp-json\/wp\/v2\/categories?post=13686"},{"taxonomy":"post_tag","embeddable":true,"href":"https:\/\/blogdodanielgalvao.com.br\/site\/wp-json\/wp\/v2\/tags?post=13686"}],"curies":[{"name":"wp","href":"https:\/\/api.w.org\/{rel}","templated":true}]}}