{"id":13676,"date":"2025-02-19T16:55:21","date_gmt":"2025-02-19T19:55:21","guid":{"rendered":"https:\/\/blogdodanielgalvao.com.br\/site\/?p=13676"},"modified":"2025-02-19T16:55:21","modified_gmt":"2025-02-19T19:55:21","slug":"vice-prefeito-de-cabo-frio-recebe-consul-geral-do-canada-e-apresenta-o-destino-turistico-para-canadenses","status":"publish","type":"post","link":"https:\/\/blogdodanielgalvao.com.br\/site\/vice-prefeito-de-cabo-frio-recebe-consul-geral-do-canada-e-apresenta-o-destino-turistico-para-canadenses\/","title":{"rendered":"Vice-prefeito de Cabo Frio recebe C\u00f4nsul-Geral do Canad\u00e1 e apresenta o destino tur\u00edstico para canadenses"},"content":{"rendered":"<p>O vice-prefeito de Cabo Frio, Miguel Alencar, recebeu na \u00faltima quarta-feira (19) o C\u00f4nsul-Geral do Canad\u00e1 no Rio de Janeiro, Fran\u00e7ois Jubinville, e a gerente consular, Lina Pannain, para uma visita de cortesia. O encontro, que contou com a presen\u00e7a do secret\u00e1rio de Turismo, Davi Barcelos, teve como objetivo estreitar os la\u00e7os entre os dois pa\u00edses e apresentar as potencialidades tur\u00edsticas de Cabo Frio, visando atrair turistas canadenses.<\/p>\n<p>Durante a reuni\u00e3o, o consulado foi apresentado \u00e0s diversas op\u00e7\u00f5es de turismo que Cabo Frio oferece, destacando suas belezas naturais, infraestrutura e experi\u00eancias \u00fanicas, fatores que tornam a cidade um destino atrativo para os visitantes do Canad\u00e1. A proposta \u00e9 ampliar a visibilidade da cidade tanto no Brasil quanto no mercado internacional.<\/p>\n<p>\u201cNossa cidade tem todas as condi\u00e7\u00f5es para se tornar um destino cada vez mais procurado pelos canadenses, com suas belezas naturais e infraestrutura de qualidade. Estamos focados em fortalecer essa conex\u00e3o e criar parcerias para promover o interc\u00e2mbio tur\u00edstico e econ\u00f4mico\u201d, afirmou o vice-prefeito Miguel Alencar.<\/p>\n<p>O secret\u00e1rio de Turismo, Davi Barcelos, tamb\u00e9m ressaltou a relev\u00e2ncia do encontro para Cabo Frio. \u201cEsta reuni\u00e3o foi uma excelente oportunidade para apresentar nossa cidade como um destino estrat\u00e9gico para o turismo internacional. Temos atra\u00e7\u00f5es que atendem ao perfil do turista canadense, desde nossas praias paradis\u00edacas at\u00e9 o turismo de aventura e cultura. Vamos trabalhar para fortalecer essa parceria e aumentar a visibilidade de Cabo Frio como destino tur\u00edstico&#8221;,\u00a0destacou.<\/p>\n","protected":false},"excerpt":{"rendered":"<p>O vice-prefeito de Cabo Frio, Miguel Alencar, recebeu na \u00faltima quarta-feira (19) o C\u00f4nsul-Geral do Canad\u00e1 no Rio de Janeiro, Fran\u00e7ois Jubinville, e a gerente consular, Lina Pannain, para uma visita de cortesia. O encontro, que contou com a presen\u00e7a do secret\u00e1rio de Turismo, Davi Barcelos, teve como objetivo estreitar os la\u00e7os entre os dois [&hellip;]<\/p>\n","protected":false},"author":2,"featured_media":13677,"comment_status":"open","ping_status":"open","sticky":true,"template":"","format":"standard","meta":{"footnotes":""},"categories":[340],"tags":[1896],"class_list":["post-13676","post","type-post","status-publish","format-standard","has-post-thumbnail","hentry","category-cabo-frio","tag-destaque"],"_links":{"self":[{"href":"https:\/\/blogdodanielgalvao.com.br\/site\/wp-json\/wp\/v2\/posts\/13676","targetHints":{"allow":["GET"]}}],"collection":[{"href":"https:\/\/blogdodanielgalvao.com.br\/site\/wp-json\/wp\/v2\/posts"}],"about":[{"href":"https:\/\/blogdodanielgalvao.com.br\/site\/wp-json\/wp\/v2\/types\/post"}],"author":[{"embeddable":true,"href":"https:\/\/blogdodanielgalvao.com.br\/site\/wp-json\/wp\/v2\/users\/2"}],"replies":[{"embeddable":true,"href":"https:\/\/blogdodanielgalvao.com.br\/site\/wp-json\/wp\/v2\/comments?post=13676"}],"version-history":[{"count":1,"href":"https:\/\/blogdodanielgalvao.com.br\/site\/wp-json\/wp\/v2\/posts\/13676\/revisions"}],"predecessor-version":[{"id":13678,"href":"https:\/\/blogdodanielgalvao.com.br\/site\/wp-json\/wp\/v2\/posts\/13676\/revisions\/13678"}],"wp:featuredmedia":[{"embeddable":true,"href":"https:\/\/blogdodanielgalvao.com.br\/site\/wp-json\/wp\/v2\/media\/13677"}],"wp:attachment":[{"href":"https:\/\/blogdodanielgalvao.com.br\/site\/wp-json\/wp\/v2\/media?parent=13676"}],"wp:term":[{"taxonomy":"category","embeddable":true,"href":"https:\/\/blogdodanielgalvao.com.br\/site\/wp-json\/wp\/v2\/categories?post=13676"},{"taxonomy":"post_tag","embeddable":true,"href":"https:\/\/blogdodanielgalvao.com.br\/site\/wp-json\/wp\/v2\/tags?post=13676"}],"curies":[{"name":"wp","href":"https:\/\/api.w.org\/{rel}","templated":true}]}}