{"id":13671,"date":"2025-02-19T16:48:48","date_gmt":"2025-02-19T19:48:48","guid":{"rendered":"https:\/\/blogdodanielgalvao.com.br\/site\/?p=13671"},"modified":"2025-02-19T16:48:48","modified_gmt":"2025-02-19T19:48:48","slug":"secretario-de-turismo-de-buzios-acredita-em-85-de-ocupacao-hoteleira-nesse-carnaval","status":"publish","type":"post","link":"https:\/\/blogdodanielgalvao.com.br\/site\/secretario-de-turismo-de-buzios-acredita-em-85-de-ocupacao-hoteleira-nesse-carnaval\/","title":{"rendered":"Secret\u00e1rio de Turismo de B\u00fazios acredita em 85% de ocupa\u00e7\u00e3o hoteleira nesse Carnaval"},"content":{"rendered":"<p>A Secretaria de Turismo de Arma\u00e7\u00e3o dos B\u00fazios anunciou\u00a0nessa\u00a0quarta-feira, 19, que a cidade j\u00e1 tem 76% de reservas de hospedagem ocupadas para o Carnaval 2025, que acontece entre os dias 1 e 4 de mar\u00e7o, per\u00edodo em que o munic\u00edpio espera chegar a 85% de ocupa\u00e7\u00e3o hoteleira.<\/p>\n<p>Os dados seriam de um levantamento inicial feito em parceria entre diversas entidades do setor de hospedagem e turismo do munic\u00edpio, como o B\u00fazios Convention &amp; Visitors Bureau (CVB), a Associa\u00e7\u00e3o das Pousadas de B\u00fazios (APB) e a Associa\u00e7\u00e3o de Hot\u00e9is de B\u00fazios (AHB).<\/p>\n<p>\u201cAs reservas ainda est\u00e3o chegando, ent\u00e3o a tend\u00eancia \u00e9 aumentar. O forte do Carnaval \u00e9 o p\u00fablico nacional e este p\u00fablico reserva muito em cima da hora, sempre olhando a previs\u00e3o de tempo. Ent\u00e3o, a previs\u00e3o \u00e9 que a gente suba para 85% e at\u00e9 passe um pouco dessa ocupa\u00e7\u00e3o. Essa semana a gente deve fazer uma nova pesquisa para acompanhar o \u00edndice\u201d, contou o secret\u00e1rio de Turismo de B\u00fazios,\u00a0Thomas\u00a0Weber.<\/p>\n","protected":false},"excerpt":{"rendered":"<p>A Secretaria de Turismo de Arma\u00e7\u00e3o dos B\u00fazios anunciou\u00a0nessa\u00a0quarta-feira, 19, que a cidade j\u00e1 tem 76% de reservas de hospedagem ocupadas para o Carnaval 2025, que acontece entre os dias 1 e 4 de mar\u00e7o, per\u00edodo em que o munic\u00edpio espera chegar a 85% de ocupa\u00e7\u00e3o hoteleira. Os dados seriam de um levantamento inicial feito [&hellip;]<\/p>\n","protected":false},"author":2,"featured_media":13672,"comment_status":"open","ping_status":"open","sticky":true,"template":"","format":"standard","meta":{"footnotes":""},"categories":[824],"tags":[1896],"class_list":["post-13671","post","type-post","status-publish","format-standard","has-post-thumbnail","hentry","category-buzios","tag-destaque"],"_links":{"self":[{"href":"https:\/\/blogdodanielgalvao.com.br\/site\/wp-json\/wp\/v2\/posts\/13671","targetHints":{"allow":["GET"]}}],"collection":[{"href":"https:\/\/blogdodanielgalvao.com.br\/site\/wp-json\/wp\/v2\/posts"}],"about":[{"href":"https:\/\/blogdodanielgalvao.com.br\/site\/wp-json\/wp\/v2\/types\/post"}],"author":[{"embeddable":true,"href":"https:\/\/blogdodanielgalvao.com.br\/site\/wp-json\/wp\/v2\/users\/2"}],"replies":[{"embeddable":true,"href":"https:\/\/blogdodanielgalvao.com.br\/site\/wp-json\/wp\/v2\/comments?post=13671"}],"version-history":[{"count":1,"href":"https:\/\/blogdodanielgalvao.com.br\/site\/wp-json\/wp\/v2\/posts\/13671\/revisions"}],"predecessor-version":[{"id":13673,"href":"https:\/\/blogdodanielgalvao.com.br\/site\/wp-json\/wp\/v2\/posts\/13671\/revisions\/13673"}],"wp:featuredmedia":[{"embeddable":true,"href":"https:\/\/blogdodanielgalvao.com.br\/site\/wp-json\/wp\/v2\/media\/13672"}],"wp:attachment":[{"href":"https:\/\/blogdodanielgalvao.com.br\/site\/wp-json\/wp\/v2\/media?parent=13671"}],"wp:term":[{"taxonomy":"category","embeddable":true,"href":"https:\/\/blogdodanielgalvao.com.br\/site\/wp-json\/wp\/v2\/categories?post=13671"},{"taxonomy":"post_tag","embeddable":true,"href":"https:\/\/blogdodanielgalvao.com.br\/site\/wp-json\/wp\/v2\/tags?post=13671"}],"curies":[{"name":"wp","href":"https:\/\/api.w.org\/{rel}","templated":true}]}}