{"id":13665,"date":"2025-02-19T16:41:47","date_gmt":"2025-02-19T19:41:47","guid":{"rendered":"https:\/\/blogdodanielgalvao.com.br\/site\/?p=13665"},"modified":"2025-02-19T16:43:16","modified_gmt":"2025-02-19T19:43:16","slug":"cabo-frio-participa-de-eleicao-do-consorcio-intermunicipal-de-saude-para-o-bienio-2025-2026","status":"publish","type":"post","link":"https:\/\/blogdodanielgalvao.com.br\/site\/cabo-frio-participa-de-eleicao-do-consorcio-intermunicipal-de-saude-para-o-bienio-2025-2026\/","title":{"rendered":"Cabo Frio participa de elei\u00e7\u00e3o do Cons\u00f3rcio Intermunicipal de Sa\u00fade para o bi\u00eanio 2025\/2026"},"content":{"rendered":"<p>Na ter\u00e7a-feira (18), a secret\u00e1ria de Sa\u00fade de Cabo Frio, Beatriz Trindade, participou da primeira Assembleia Geral Extraordin\u00e1ria do Cons\u00f3rcio Intermunicipal de Sa\u00fade (CISBALI), que reuniu representantes de nove munic\u00edpios. O evento tamb\u00e9m foi marcado pela elei\u00e7\u00e3o da nova presid\u00eancia para o bi\u00eanio 2025\/2026, com a prefeita de Saquarema, Lucimar Vidal, sendo eleita por unanimidade. O prefeito de S\u00e3o Pedro da Aldeia, F\u00e1bio do Pastel, assumiu a vice-presid\u00eancia, e Nat\u00e1lia Alves segue na Secretaria Executiva, auxiliando a gest\u00e3o.<\/p>\n<p>Lucimar Vidal, nova presidente do Cons\u00f3rcio, expressou sua satisfa\u00e7\u00e3o com a elei\u00e7\u00e3o e reafirmou seu compromisso de dar continuidade ao projeto de apoio ao CISBALI, iniciado pelo munic\u00edpio de Saquarema. A secret\u00e1ria executiva, Nat\u00e1lia Alves, ressaltou o sucesso do cons\u00f3rcio como modelo de parceria entre os munic\u00edpios, destacando que o trabalho foi selecionado para apresenta\u00e7\u00e3o no Semin\u00e1rio Nacional de Cons\u00f3rcios P\u00fablicos e Regionaliza\u00e7\u00e3o, que ocorrer\u00e1 nos dias 24 e 25 de fevereiro na Fiocruz-RJ.<\/p>\n<p>Beatriz Trindade, secret\u00e1ria de Sa\u00fade de Cabo Frio, enfatizou os benef\u00edcios do CISBALI para os munic\u00edpios da Baixada Litor\u00e2nea. \u201cA uni\u00e3o e os esfor\u00e7os conjuntos criar\u00e3o uma rede coletiva de servi\u00e7os para a popula\u00e7\u00e3o, fortalecendo o SUS e trazendo frutos duradouros para todos n\u00f3s\u201d, disse.<\/p>\n<p>Al\u00e9m de Cabo Frio, participaram da Assembleia os secret\u00e1rios de Sa\u00fade de Arma\u00e7\u00e3o dos B\u00fazios, Arraial do Cabo, Casimiro de Abreu, Iguaba Grande, Rio das Ostras, S\u00e3o Pedro da Aldeia, o assessor t\u00e9cnico de Araruama e a subsecret\u00e1ria de Sa\u00fade de Saquarema. Durante o evento, foi aprovado o rateio para a gest\u00e3o da Central Regional de Regula\u00e7\u00e3o de Urg\u00eancias \u2013 SAMU 192, e a compra de um gerador para o Hemolagos, como prioridades\u00a0do\u00a0Cons\u00f3rcio.<\/p>\n","protected":false},"excerpt":{"rendered":"<p>Na ter\u00e7a-feira (18), a secret\u00e1ria de Sa\u00fade de Cabo Frio, Beatriz Trindade, participou da primeira Assembleia Geral Extraordin\u00e1ria do Cons\u00f3rcio Intermunicipal de Sa\u00fade (CISBALI), que reuniu representantes de nove munic\u00edpios. O evento tamb\u00e9m foi marcado pela elei\u00e7\u00e3o da nova presid\u00eancia para o bi\u00eanio 2025\/2026, com a prefeita de Saquarema, Lucimar Vidal, sendo eleita por unanimidade. [&hellip;]<\/p>\n","protected":false},"author":2,"featured_media":13668,"comment_status":"open","ping_status":"open","sticky":true,"template":"","format":"standard","meta":{"footnotes":""},"categories":[340],"tags":[1896],"class_list":["post-13665","post","type-post","status-publish","format-standard","has-post-thumbnail","hentry","category-cabo-frio","tag-destaque"],"_links":{"self":[{"href":"https:\/\/blogdodanielgalvao.com.br\/site\/wp-json\/wp\/v2\/posts\/13665","targetHints":{"allow":["GET"]}}],"collection":[{"href":"https:\/\/blogdodanielgalvao.com.br\/site\/wp-json\/wp\/v2\/posts"}],"about":[{"href":"https:\/\/blogdodanielgalvao.com.br\/site\/wp-json\/wp\/v2\/types\/post"}],"author":[{"embeddable":true,"href":"https:\/\/blogdodanielgalvao.com.br\/site\/wp-json\/wp\/v2\/users\/2"}],"replies":[{"embeddable":true,"href":"https:\/\/blogdodanielgalvao.com.br\/site\/wp-json\/wp\/v2\/comments?post=13665"}],"version-history":[{"count":1,"href":"https:\/\/blogdodanielgalvao.com.br\/site\/wp-json\/wp\/v2\/posts\/13665\/revisions"}],"predecessor-version":[{"id":13669,"href":"https:\/\/blogdodanielgalvao.com.br\/site\/wp-json\/wp\/v2\/posts\/13665\/revisions\/13669"}],"wp:featuredmedia":[{"embeddable":true,"href":"https:\/\/blogdodanielgalvao.com.br\/site\/wp-json\/wp\/v2\/media\/13668"}],"wp:attachment":[{"href":"https:\/\/blogdodanielgalvao.com.br\/site\/wp-json\/wp\/v2\/media?parent=13665"}],"wp:term":[{"taxonomy":"category","embeddable":true,"href":"https:\/\/blogdodanielgalvao.com.br\/site\/wp-json\/wp\/v2\/categories?post=13665"},{"taxonomy":"post_tag","embeddable":true,"href":"https:\/\/blogdodanielgalvao.com.br\/site\/wp-json\/wp\/v2\/tags?post=13665"}],"curies":[{"name":"wp","href":"https:\/\/api.w.org\/{rel}","templated":true}]}}