{"id":13662,"date":"2025-02-19T16:21:14","date_gmt":"2025-02-19T19:21:14","guid":{"rendered":"https:\/\/blogdodanielgalvao.com.br\/site\/?p=13662"},"modified":"2025-02-19T19:03:33","modified_gmt":"2025-02-19T22:03:33","slug":"enel-e-criticada-por-vereadores-de-macae-por-conta-do-servico-prestado-em-colegio-de-corrego-do-ouro","status":"publish","type":"post","link":"https:\/\/blogdodanielgalvao.com.br\/site\/enel-e-criticada-por-vereadores-de-macae-por-conta-do-servico-prestado-em-colegio-de-corrego-do-ouro\/","title":{"rendered":"Enel \u00e9 criticada por vereadores de Maca\u00e9 por conta do servi\u00e7o prestado em col\u00e9gio de C\u00f3rrego do Ouro"},"content":{"rendered":"<p>Os vereadores de Maca\u00e9, Tico Jardim e Ricardo Salgado estiveram visitando a Escola Estadual Municipalizada C\u00f3rrego do Ouro nesta semana. Os parlamentares foram at\u00e9 o local ap\u00f3s receber den\u00fancias sobre a qualidade dos servi\u00e7os prestados pela Enel, concession\u00e1ria respons\u00e1vel pelo abastecimento de energia no local. Os alunos est\u00e3o sofrendo com o calor e todos a equipe pedag\u00f3gica e estudantes est\u00e3o sendo prejudicados durante o per\u00edodo letivo.<\/p>\n<p>Durante a visita, os vereadores puderam constatar a causa do problema. \u201cEstamos vendo as demandas da popula\u00e7\u00e3o e principalmente estamos aqui porque fomos marcados por muitas m\u00e3es de alunos da Escola Municipalizada C\u00f3rrego do Ouro. N\u00f3s verificamos que os problemas s\u00e3o a tens\u00e3o de carga do col\u00e9gio\u201d, disse Tico Jardim.<\/p>\n<p>Tico ainda complementou: \u201cA parte da Prefeitura j\u00e1 foi toda feita. Est\u00e1 tudo em conforme e agora falta a parte da Enel. E n\u00e3o s\u00f3 esse col\u00e9gio. Tem tamb\u00e9m o Col\u00e9gio Estadual Municipalizado Carolina Curvello Benjamin em Trapiche, a Escola Municipal Maria Augusta de Aguiar Franco em Bicuda Pequena e que dependem desse aumento de carga. Vamos emitir um of\u00edcio para a Enel para que ela se mobilize logo e venha aqui fazer o servi\u00e7o que \u00e9 direito dos alunos e um direito da popula\u00e7\u00e3o\u201d, destacou o parlamentar.<\/p>\n<p>J\u00e1 Ricardo Salgado pontuou que a parte que cabia a Prefeitura j\u00e1 foi executada.<\/p>\n<p>\u201cS\u00f3 a n\u00edvel de conhecimento, toda a parte documental que a Prefeitura precisava ter feito foi feita e agora a gente junto com a C\u00e2mara de Vereadores vamos for\u00e7ar que esse servi\u00e7o seja realizado o quanto antes pela Enel para mitigar esse problema t\u00e3o grave aqui da serra\u201d, disse Salgado.<\/p>\n","protected":false},"excerpt":{"rendered":"<p>Os vereadores de Maca\u00e9, Tico Jardim e Ricardo Salgado estiveram visitando a Escola Estadual Municipalizada C\u00f3rrego do Ouro nesta semana. Os parlamentares foram at\u00e9 o local ap\u00f3s receber den\u00fancias sobre a qualidade dos servi\u00e7os prestados pela Enel, concession\u00e1ria respons\u00e1vel pelo abastecimento de energia no local. Os alunos est\u00e3o sofrendo com o calor e todos a [&hellip;]<\/p>\n","protected":false},"author":2,"featured_media":13663,"comment_status":"open","ping_status":"open","sticky":true,"template":"","format":"standard","meta":{"footnotes":""},"categories":[2],"tags":[2442],"class_list":["post-13662","post","type-post","status-publish","format-standard","has-post-thumbnail","hentry","category-macae","tag-ricardo-salgado-e-tico-jardim-cobram-enel"],"_links":{"self":[{"href":"https:\/\/blogdodanielgalvao.com.br\/site\/wp-json\/wp\/v2\/posts\/13662","targetHints":{"allow":["GET"]}}],"collection":[{"href":"https:\/\/blogdodanielgalvao.com.br\/site\/wp-json\/wp\/v2\/posts"}],"about":[{"href":"https:\/\/blogdodanielgalvao.com.br\/site\/wp-json\/wp\/v2\/types\/post"}],"author":[{"embeddable":true,"href":"https:\/\/blogdodanielgalvao.com.br\/site\/wp-json\/wp\/v2\/users\/2"}],"replies":[{"embeddable":true,"href":"https:\/\/blogdodanielgalvao.com.br\/site\/wp-json\/wp\/v2\/comments?post=13662"}],"version-history":[{"count":1,"href":"https:\/\/blogdodanielgalvao.com.br\/site\/wp-json\/wp\/v2\/posts\/13662\/revisions"}],"predecessor-version":[{"id":13664,"href":"https:\/\/blogdodanielgalvao.com.br\/site\/wp-json\/wp\/v2\/posts\/13662\/revisions\/13664"}],"wp:featuredmedia":[{"embeddable":true,"href":"https:\/\/blogdodanielgalvao.com.br\/site\/wp-json\/wp\/v2\/media\/13663"}],"wp:attachment":[{"href":"https:\/\/blogdodanielgalvao.com.br\/site\/wp-json\/wp\/v2\/media?parent=13662"}],"wp:term":[{"taxonomy":"category","embeddable":true,"href":"https:\/\/blogdodanielgalvao.com.br\/site\/wp-json\/wp\/v2\/categories?post=13662"},{"taxonomy":"post_tag","embeddable":true,"href":"https:\/\/blogdodanielgalvao.com.br\/site\/wp-json\/wp\/v2\/tags?post=13662"}],"curies":[{"name":"wp","href":"https:\/\/api.w.org\/{rel}","templated":true}]}}