{"id":13659,"date":"2025-02-19T15:55:49","date_gmt":"2025-02-19T18:55:49","guid":{"rendered":"https:\/\/blogdodanielgalvao.com.br\/site\/?p=13659"},"modified":"2025-02-19T15:55:49","modified_gmt":"2025-02-19T18:55:49","slug":"trecho-do-calcadao-da-praia-do-forte-em-cabo-frio-passa-por-reparo-emergencial","status":"publish","type":"post","link":"https:\/\/blogdodanielgalvao.com.br\/site\/trecho-do-calcadao-da-praia-do-forte-em-cabo-frio-passa-por-reparo-emergencial\/","title":{"rendered":"Trecho do cal\u00e7ad\u00e3o da Praia do Forte, em Cabo Frio, passa por reparo emergencial"},"content":{"rendered":"<p>A Secretaria da Cidade iniciou nesta quarta-feira (19) uma interven\u00e7\u00e3o emergencial para corrigir o solo em dois pequenos trechos do cal\u00e7ad\u00e3o da Praia do Forte, localizados na altura da Rua 13 de Novembro. O trabalho, que conta com o apoio das secretarias de Obras e Meio Ambiente, ser\u00e1 finalizado antes do Carnaval.<\/p>\n<p>Na semana passada, a Defesa Civil realizou uma vistoria e identificou o rompimento da estrutura do piso, causado pela eros\u00e3o do solo e pelo deslocamento das pedras portuguesas. A situa\u00e7\u00e3o foi provavelmente gerada pelas mar\u00e9s cheias, pela alta umidade no local e pelo intenso tr\u00e2nsito de pedestres. Para garantir a seguran\u00e7a dos visitantes, a \u00e1rea foi interditada.<\/p>\n<p>\u201cAp\u00f3s essa avalia\u00e7\u00e3o t\u00e9cnica, foi determinada uma interven\u00e7\u00e3o imediata para sanar essa quest\u00e3o. Com a proximidade do Carnaval, teremos uma orla bonita e bem cuidada para receber os nossos turistas\u201d, afirmou Miguel Alencar, vice-prefeito e secret\u00e1rio\u00a0da\u00a0Cidade.<\/p>\n","protected":false},"excerpt":{"rendered":"<p>A Secretaria da Cidade iniciou nesta quarta-feira (19) uma interven\u00e7\u00e3o emergencial para corrigir o solo em dois pequenos trechos do cal\u00e7ad\u00e3o da Praia do Forte, localizados na altura da Rua 13 de Novembro. O trabalho, que conta com o apoio das secretarias de Obras e Meio Ambiente, ser\u00e1 finalizado antes do Carnaval. Na semana passada, [&hellip;]<\/p>\n","protected":false},"author":2,"featured_media":13660,"comment_status":"open","ping_status":"open","sticky":true,"template":"","format":"standard","meta":{"footnotes":""},"categories":[340],"tags":[1896],"class_list":["post-13659","post","type-post","status-publish","format-standard","has-post-thumbnail","hentry","category-cabo-frio","tag-destaque"],"_links":{"self":[{"href":"https:\/\/blogdodanielgalvao.com.br\/site\/wp-json\/wp\/v2\/posts\/13659","targetHints":{"allow":["GET"]}}],"collection":[{"href":"https:\/\/blogdodanielgalvao.com.br\/site\/wp-json\/wp\/v2\/posts"}],"about":[{"href":"https:\/\/blogdodanielgalvao.com.br\/site\/wp-json\/wp\/v2\/types\/post"}],"author":[{"embeddable":true,"href":"https:\/\/blogdodanielgalvao.com.br\/site\/wp-json\/wp\/v2\/users\/2"}],"replies":[{"embeddable":true,"href":"https:\/\/blogdodanielgalvao.com.br\/site\/wp-json\/wp\/v2\/comments?post=13659"}],"version-history":[{"count":1,"href":"https:\/\/blogdodanielgalvao.com.br\/site\/wp-json\/wp\/v2\/posts\/13659\/revisions"}],"predecessor-version":[{"id":13661,"href":"https:\/\/blogdodanielgalvao.com.br\/site\/wp-json\/wp\/v2\/posts\/13659\/revisions\/13661"}],"wp:featuredmedia":[{"embeddable":true,"href":"https:\/\/blogdodanielgalvao.com.br\/site\/wp-json\/wp\/v2\/media\/13660"}],"wp:attachment":[{"href":"https:\/\/blogdodanielgalvao.com.br\/site\/wp-json\/wp\/v2\/media?parent=13659"}],"wp:term":[{"taxonomy":"category","embeddable":true,"href":"https:\/\/blogdodanielgalvao.com.br\/site\/wp-json\/wp\/v2\/categories?post=13659"},{"taxonomy":"post_tag","embeddable":true,"href":"https:\/\/blogdodanielgalvao.com.br\/site\/wp-json\/wp\/v2\/tags?post=13659"}],"curies":[{"name":"wp","href":"https:\/\/api.w.org\/{rel}","templated":true}]}}