{"id":13603,"date":"2025-02-18T17:34:13","date_gmt":"2025-02-18T20:34:13","guid":{"rendered":"https:\/\/blogdodanielgalvao.com.br\/site\/?p=13603"},"modified":"2025-02-18T17:34:13","modified_gmt":"2025-02-18T20:34:13","slug":"programa-bom-dia-rio-da-tv-globo-apresenta-samba-enredo-da-uniao-de-marica","status":"publish","type":"post","link":"https:\/\/blogdodanielgalvao.com.br\/site\/programa-bom-dia-rio-da-tv-globo-apresenta-samba-enredo-da-uniao-de-marica\/","title":{"rendered":"Programa Bom Dia Rio, da Tv Globo, apresenta samba-enredo da Uni\u00e3o de Maric\u00e1"},"content":{"rendered":"<p>A Uni\u00e3o de Maric\u00e1 foi destaque da edi\u00e7\u00e3o dessa ter\u00e7a-feira, 18, do Bom Dia Rio, programa matinal da TV Globo que mostrou um pouquinho do que a escola que ser\u00e1 a 6\u00aa a desfilar no pr\u00f3ximo dia 28 de fevereiro, na S\u00e9rie Ouro, nome do antigo Grupo de Acesso do Carnaval do Rio.<\/p>\n<p>Na reportagem, o diretor de Harmonia da escola, J\u00fanior Cabe\u00e7a, falou sobre um pouco mais sobre o enredo \u201cO Cavalo de Sant\u00edssimo e a Coroa de Seu 7\u201d, que homenageia o exu Seu Sete da Lira, e a m\u00e9dium M\u00e3e Cacilda de Assis, dona de um terreiro em Sant\u00edssimo, na Zona Oeste do Rio, fechado pela Ditadura Militar na d\u00e9cada de 1970.<\/p>\n<p>\u201cN\u00f3s estamos muito felizes com esse enredo, um enredo autoral, feito pelo nosso carnavalesco Leandro Vieira; Seu Sete era um exu festeiro, um exu Rei das 4 Coroas, Coroa da Palha de Cana, Coroa da Lira, a Coroa do Jogo, e a Coroa do Carnaval, e nada mais do que um Rei do Carnaval para que a gente possa estar apresentando a nossa escola na Marqu\u00eas de Sapuca\u00ed, e lutar por esse sonho carnavalesco que \u00e9 o campeonato da Uni\u00e3o de Maric\u00e1\u201d, contou J\u00fanior Cabe\u00e7a.<\/p>\n<p>Citado pelo diretor de Harmonia, o carnavalesco, que assina o enredo da Uni\u00e3o de Maric\u00e1 para a disputa do in\u00e9dito acesso para o Grupo Especial, \u00e9 o tricampe\u00e3o do Carnaval do Rio com a Mangueira, em 2016 e 2019, e com a Imperatriz Leopoldinense, em 2023, Leandro Vieira, que chegou \u00e0 cidade em abril de 2024, depois do 4\u00ba lugar na S\u00e9rie Ouro.<\/p>\n<p>J\u00e1 o samba \u00e9 uma composi\u00e7\u00e3o assinada por Wanderley Monteiro, Rafael Gigante, Jo\u00e3o Vidal, Vinicius Ferreira, Jefferson Oliveira, Miguel Dibo, H\u00e9lio Porto, e Andr\u00e9 Do Posto 7, que venceram uma disputa acirrada que reuniu nomes como Xande de Pilares, Gilson Bernini, Ito Melodia e Marcelo Adnet.<\/p>\n<p>Quando perguntado sobre os preparativos da escola para o desfile do pr\u00f3ximo dia 28 de fevereiro, o 2\u00ba na hist\u00f3ria da Uni\u00e3o de Maric\u00e1 na Marqu\u00eas de Sapuca\u00ed, o diretor de Harmonia n\u00e3o teve d\u00favidas ao afirmar que a agremia\u00e7\u00e3o est\u00e1 pronta para tentar o acesso \u00e0 elite do Carnaval do Rio em 2026.<\/p>\n<p>\u201cA escola, gra\u00e7as a Deus, n\u00f3s estamos com 98% do nosso Carnaval j\u00e1 pronto, fantasias sendo entregues, tudo maravilhosamente bem feito pela nossa equipe. Estamos prontos sim para poder disputar esse t\u00edtulo e dar esse grande Carnaval para a nossa comunidade\u201d, completou J\u00fanior Cabe\u00e7a.<\/p>\n","protected":false},"excerpt":{"rendered":"<p>A Uni\u00e3o de Maric\u00e1 foi destaque da edi\u00e7\u00e3o dessa ter\u00e7a-feira, 18, do Bom Dia Rio, programa matinal da TV Globo que mostrou um pouquinho do que a escola que ser\u00e1 a 6\u00aa a desfilar no pr\u00f3ximo dia 28 de fevereiro, na S\u00e9rie Ouro, nome do antigo Grupo de Acesso do Carnaval do Rio. Na reportagem, [&hellip;]<\/p>\n","protected":false},"author":2,"featured_media":13604,"comment_status":"open","ping_status":"open","sticky":true,"template":"","format":"standard","meta":{"footnotes":""},"categories":[299],"tags":[],"class_list":["post-13603","post","type-post","status-publish","format-standard","has-post-thumbnail","hentry","category-marica"],"_links":{"self":[{"href":"https:\/\/blogdodanielgalvao.com.br\/site\/wp-json\/wp\/v2\/posts\/13603","targetHints":{"allow":["GET"]}}],"collection":[{"href":"https:\/\/blogdodanielgalvao.com.br\/site\/wp-json\/wp\/v2\/posts"}],"about":[{"href":"https:\/\/blogdodanielgalvao.com.br\/site\/wp-json\/wp\/v2\/types\/post"}],"author":[{"embeddable":true,"href":"https:\/\/blogdodanielgalvao.com.br\/site\/wp-json\/wp\/v2\/users\/2"}],"replies":[{"embeddable":true,"href":"https:\/\/blogdodanielgalvao.com.br\/site\/wp-json\/wp\/v2\/comments?post=13603"}],"version-history":[{"count":1,"href":"https:\/\/blogdodanielgalvao.com.br\/site\/wp-json\/wp\/v2\/posts\/13603\/revisions"}],"predecessor-version":[{"id":13605,"href":"https:\/\/blogdodanielgalvao.com.br\/site\/wp-json\/wp\/v2\/posts\/13603\/revisions\/13605"}],"wp:featuredmedia":[{"embeddable":true,"href":"https:\/\/blogdodanielgalvao.com.br\/site\/wp-json\/wp\/v2\/media\/13604"}],"wp:attachment":[{"href":"https:\/\/blogdodanielgalvao.com.br\/site\/wp-json\/wp\/v2\/media?parent=13603"}],"wp:term":[{"taxonomy":"category","embeddable":true,"href":"https:\/\/blogdodanielgalvao.com.br\/site\/wp-json\/wp\/v2\/categories?post=13603"},{"taxonomy":"post_tag","embeddable":true,"href":"https:\/\/blogdodanielgalvao.com.br\/site\/wp-json\/wp\/v2\/tags?post=13603"}],"curies":[{"name":"wp","href":"https:\/\/api.w.org\/{rel}","templated":true}]}}