{"id":13601,"date":"2025-02-18T17:37:49","date_gmt":"2025-02-18T20:37:49","guid":{"rendered":"https:\/\/blogdodanielgalvao.com.br\/site\/?p=13601"},"modified":"2025-02-18T17:38:54","modified_gmt":"2025-02-18T20:38:54","slug":"vereador-cesinha-sera-o-novo-lider-do-governo-welberth-na-camara-municipal-de-macae","status":"publish","type":"post","link":"https:\/\/blogdodanielgalvao.com.br\/site\/vereador-cesinha-sera-o-novo-lider-do-governo-welberth-na-camara-municipal-de-macae\/","title":{"rendered":"Vereador Cesinha ser\u00e1 o novo l\u00edder do governo Welberth na C\u00e2mara Municipal de Maca\u00e9"},"content":{"rendered":"<p>O prefeito mais votado da hist\u00f3ria de Maca\u00e9 se uniu com o vereador mais votado da \u00faltima elei\u00e7\u00e3o. Coincid\u00eancias a parte, o fato \u00e9 que a parceria tem tudo para dar certo e render muitos frutos para a cidade. Nesta ter\u00e7a-feira (18), Welberth anunciou que o vereador Cesinha foi o escolhido para ser o l\u00edder do governo na C\u00e2mara dos Vereadores.<\/p>\n<p>A decis\u00e3o veio logo ap\u00f3s a abertura do expediente de 2025 na C\u00e2mara dos Vereadores, realizado justamente nesta ter\u00e7a-feira (18). O an\u00fancio oficial foi feito pelo pr\u00f3prio Cesinha em suas redes sociais.<\/p>\n<p>\u201c\u00c9 muito bom estar de volta a essa casa. J\u00e1 fui vereador e sei da import\u00e2ncia da C\u00e2mara dos Vereadores. Sempre respeitamos a for\u00e7a da casa de vereadores que nos ajudaram muito no nosso primeiro mandato. E agora estamos recebendo novos parlamentares e uma nova composi\u00e7\u00e3o. N\u00f3s tivemos algumas mudan\u00e7as por aqui. Gostaria de agradecer alguns vereadores que chegaram. Agradecer a confian\u00e7a e o trabalho que vamos desenvolver juntos e aqui o vereador Cesinha que agora vai ser o nosso novo l\u00edder. Ent\u00e3o eu queria anunciar nesse v\u00eddeo o novo l\u00edder do governo na C\u00e2mara dos Vereadores ser\u00e1 o Cesinha\u201d, disse Welberth.<\/p>\n<p>Welberth destacou a confian\u00e7a em Cesinha e tamb\u00e9m a certeza de ter feito a melhor escolha. \u201cO Cesinha \u00e9 um vereador com muita experi\u00eancia, muito trabalho e muita confian\u00e7a. Como presidente j\u00e1 nos ajudou muito e agora vai continuar nos ajudando como l\u00edder do governo, da bancada do executivo. Seja bem vindo e te agrade\u00e7o muito por ter aceitado o meu convite\u201d, afirmou o prefeito.<\/p>\n<p>Cesinha agradeceu as palavras e disse estar muito honrado com o convite.<\/p>\n<p>\u201cEstou muito honrado prefeito. Agora vou encarar esse novo desafio. Tenho certeza que a marca e os pontos positivos do seu governo ir\u00e3o facilitar muito o meu trabalho. N\u00f3s estaremos juntos por Maca\u00e9. A cidade e toda a regi\u00e3o v\u00e3o ganhar muito. Estamos por a\u00ed, como o senhor mesmo diz, trabalhando por voc\u00ea cidad\u00e3o macaense\u201d, afirmou o vereador.<\/p>\n","protected":false},"excerpt":{"rendered":"<p>O prefeito mais votado da hist\u00f3ria de Maca\u00e9 se uniu com o vereador mais votado da \u00faltima elei\u00e7\u00e3o. Coincid\u00eancias a parte, o fato \u00e9 que a parceria tem tudo para dar certo e render muitos frutos para a cidade. Nesta ter\u00e7a-feira (18), Welberth anunciou que o vereador Cesinha foi o escolhido para ser o l\u00edder [&hellip;]<\/p>\n","protected":false},"author":2,"featured_media":13602,"comment_status":"open","ping_status":"open","sticky":true,"template":"","format":"standard","meta":{"footnotes":""},"categories":[2,1881],"tags":[98,2437],"class_list":["post-13601","post","type-post","status-publish","format-standard","has-post-thumbnail","hentry","category-macae","category-politica","tag-macae","tag-novo-lider-do-governo-de-macae-na-camara-dos-vereadores"],"_links":{"self":[{"href":"https:\/\/blogdodanielgalvao.com.br\/site\/wp-json\/wp\/v2\/posts\/13601","targetHints":{"allow":["GET"]}}],"collection":[{"href":"https:\/\/blogdodanielgalvao.com.br\/site\/wp-json\/wp\/v2\/posts"}],"about":[{"href":"https:\/\/blogdodanielgalvao.com.br\/site\/wp-json\/wp\/v2\/types\/post"}],"author":[{"embeddable":true,"href":"https:\/\/blogdodanielgalvao.com.br\/site\/wp-json\/wp\/v2\/users\/2"}],"replies":[{"embeddable":true,"href":"https:\/\/blogdodanielgalvao.com.br\/site\/wp-json\/wp\/v2\/comments?post=13601"}],"version-history":[{"count":1,"href":"https:\/\/blogdodanielgalvao.com.br\/site\/wp-json\/wp\/v2\/posts\/13601\/revisions"}],"predecessor-version":[{"id":13606,"href":"https:\/\/blogdodanielgalvao.com.br\/site\/wp-json\/wp\/v2\/posts\/13601\/revisions\/13606"}],"wp:featuredmedia":[{"embeddable":true,"href":"https:\/\/blogdodanielgalvao.com.br\/site\/wp-json\/wp\/v2\/media\/13602"}],"wp:attachment":[{"href":"https:\/\/blogdodanielgalvao.com.br\/site\/wp-json\/wp\/v2\/media?parent=13601"}],"wp:term":[{"taxonomy":"category","embeddable":true,"href":"https:\/\/blogdodanielgalvao.com.br\/site\/wp-json\/wp\/v2\/categories?post=13601"},{"taxonomy":"post_tag","embeddable":true,"href":"https:\/\/blogdodanielgalvao.com.br\/site\/wp-json\/wp\/v2\/tags?post=13601"}],"curies":[{"name":"wp","href":"https:\/\/api.w.org\/{rel}","templated":true}]}}