{"id":13440,"date":"2025-02-17T10:27:09","date_gmt":"2025-02-17T13:27:09","guid":{"rendered":"https:\/\/blogdodanielgalvao.com.br\/site\/?p=13440"},"modified":"2025-02-17T10:33:27","modified_gmt":"2025-02-17T13:33:27","slug":"transformacao-em-tamoios-comunidade-unida-e-uma-gestao-competente","status":"publish","type":"post","link":"https:\/\/blogdodanielgalvao.com.br\/site\/transformacao-em-tamoios-comunidade-unida-e-uma-gestao-competente\/","title":{"rendered":"Transforma\u00e7\u00e3o em Tamoios: Comunidade unida  e uma gest\u00e3o competente"},"content":{"rendered":"<p>A gest\u00e3o de Dr. Serginho em Cabo Frio, est\u00e1 se dedicando intensamente \u00e0 revitaliza\u00e7\u00e3o do distrito de Tamoios, uma regi\u00e3o frequentemente esquecida. Recentemente, foram iniciados os trabalhos para a substitui\u00e7\u00e3o de todos os super postes na rodovia Amaral Peixoto. Essa a\u00e7\u00e3o visa eliminar a escurid\u00e3o da \u00e1rea, substituindo-a por uma nova ilumina\u00e7\u00e3o em LED, que incorpora tecnologia de ponta.<\/p>\n<p>Al\u00e9m da nova ilumina\u00e7\u00e3o, o plano de melhorias para Tamoios n\u00e3o para por a\u00ed. A gest\u00e3o tamb\u00e9m se comprometeu com a troca do asfalto, a implementa\u00e7\u00e3o de sinaliza\u00e7\u00e3o horizontal e vertical, e um planejamento de mobilidade urbana que tem como objetivo reduzir os engarrafamentos e facilitar as travessias.<\/p>\n<p>O presidente da Assembleia Legislativa do Estado do Rio de Janeiro (Alerj), Rodrigo Bacellar, e o governador Cl\u00e1udio Castro s\u00e3o reconhecidos pela gest\u00e3o municipal, pois atenderam aos pedidos feitos atrav\u00e9s do Departamento de Estradas e Rodagens (DER), trazendo uma transforma\u00e7\u00e3o significativa para a comunidade\u00a0local.<\/p>\n","protected":false},"excerpt":{"rendered":"<p>A gest\u00e3o de Dr. Serginho em Cabo Frio, est\u00e1 se dedicando intensamente \u00e0 revitaliza\u00e7\u00e3o do distrito de Tamoios, uma regi\u00e3o frequentemente esquecida. Recentemente, foram iniciados os trabalhos para a substitui\u00e7\u00e3o de todos os super postes na rodovia Amaral Peixoto. Essa a\u00e7\u00e3o visa eliminar a escurid\u00e3o da \u00e1rea, substituindo-a por uma nova ilumina\u00e7\u00e3o em LED, que [&hellip;]<\/p>\n","protected":false},"author":2,"featured_media":13443,"comment_status":"open","ping_status":"open","sticky":true,"template":"","format":"standard","meta":{"footnotes":""},"categories":[340],"tags":[1896],"class_list":["post-13440","post","type-post","status-publish","format-standard","has-post-thumbnail","hentry","category-cabo-frio","tag-destaque"],"_links":{"self":[{"href":"https:\/\/blogdodanielgalvao.com.br\/site\/wp-json\/wp\/v2\/posts\/13440","targetHints":{"allow":["GET"]}}],"collection":[{"href":"https:\/\/blogdodanielgalvao.com.br\/site\/wp-json\/wp\/v2\/posts"}],"about":[{"href":"https:\/\/blogdodanielgalvao.com.br\/site\/wp-json\/wp\/v2\/types\/post"}],"author":[{"embeddable":true,"href":"https:\/\/blogdodanielgalvao.com.br\/site\/wp-json\/wp\/v2\/users\/2"}],"replies":[{"embeddable":true,"href":"https:\/\/blogdodanielgalvao.com.br\/site\/wp-json\/wp\/v2\/comments?post=13440"}],"version-history":[{"count":1,"href":"https:\/\/blogdodanielgalvao.com.br\/site\/wp-json\/wp\/v2\/posts\/13440\/revisions"}],"predecessor-version":[{"id":13442,"href":"https:\/\/blogdodanielgalvao.com.br\/site\/wp-json\/wp\/v2\/posts\/13440\/revisions\/13442"}],"wp:featuredmedia":[{"embeddable":true,"href":"https:\/\/blogdodanielgalvao.com.br\/site\/wp-json\/wp\/v2\/media\/13443"}],"wp:attachment":[{"href":"https:\/\/blogdodanielgalvao.com.br\/site\/wp-json\/wp\/v2\/media?parent=13440"}],"wp:term":[{"taxonomy":"category","embeddable":true,"href":"https:\/\/blogdodanielgalvao.com.br\/site\/wp-json\/wp\/v2\/categories?post=13440"},{"taxonomy":"post_tag","embeddable":true,"href":"https:\/\/blogdodanielgalvao.com.br\/site\/wp-json\/wp\/v2\/tags?post=13440"}],"curies":[{"name":"wp","href":"https:\/\/api.w.org\/{rel}","templated":true}]}}