{"id":13437,"date":"2025-02-17T10:07:45","date_gmt":"2025-02-17T13:07:45","guid":{"rendered":"https:\/\/blogdodanielgalvao.com.br\/site\/?p=13437"},"modified":"2025-02-17T10:07:45","modified_gmt":"2025-02-17T13:07:45","slug":"dialogo-entre-buzios-e-embratur-pode-trazer-beneficios-para-cabo-frio-e-regiao","status":"publish","type":"post","link":"https:\/\/blogdodanielgalvao.com.br\/site\/dialogo-entre-buzios-e-embratur-pode-trazer-beneficios-para-cabo-frio-e-regiao\/","title":{"rendered":"Di\u00e1logo entre B\u00fazios e Embratur pode trazer benef\u00edcios para Cabo Frio e regi\u00e3o"},"content":{"rendered":"<p>Em reuni\u00e3o realizada durante o Encontro de Novos Prefeitos e Prefeitas, realizado pelo governo federal em Bras\u00edlia na \u00faltima semana, o secret\u00e1rio de Turismo de Arma\u00e7\u00e3o dos B\u00fazios, Thomas Weber, participou de uma reuni\u00e3o com o presidente da Ag\u00eancia Brasileira de Promo\u00e7\u00e3o Internacional do Turismo (Embratur), Marcelo Freixo (PT-RJ).<\/p>\n<p>Durante o encontro, que contou ainda com a participa\u00e7\u00e3o do prefeito de Paraty, Zez\u00e9 Porto (REPUBLICANOS), os gestores discutiram a promo\u00e7\u00e3o internacional dos munic\u00edpios do litoral fluminense, especialmente focado no mercado norte-americano.<\/p>\n<p>Segundo a Embratur, em ambos os casos, o debate abordou a import\u00e2ncia da conectividade a\u00e9rea para os munic\u00edpios, a gera\u00e7\u00e3o e apura\u00e7\u00e3o dos dados tur\u00edsticos das localidades, e quais ferramentas de promo\u00e7\u00e3o internacional mais se adequam a cada realidade.<\/p>\n<p>No caso de B\u00fazios, o secret\u00e1rio Thomas Weber ressaltou a presen\u00e7a massiva de turistas chilenos e argentinos na cidade e a promo\u00e7\u00e3o integrada com outros destinos pr\u00f3ximos, al\u00e9m da participa\u00e7\u00e3o do destino em feiras internacionais do setor.<\/p>\n<p>De acordo com a Prefeitura de B\u00fazios, o presidente da Embratur, Marcelo Freixo, teria confirmado a inclus\u00e3o de B\u00fazios no planejamento das a\u00e7\u00f5es da Embratur voltadas para o mercado dos Estados Unidos (EUA), assim como a possibilidade de intermedia\u00e7\u00e3o para viabilizar voos regulares entre Guarulhos e Cabo Frio, em parceria com as prefeituras de Cabo Frio e de Arraial do Cabo.<\/p>\n<p>\u201cO compromisso da gest\u00e3o \u00e9 fortalecer B\u00fazios como um destino tur\u00edstico competitivo no cen\u00e1rio internacional. A inclus\u00e3o do munic\u00edpio no planejamento estrat\u00e9gico da Embratur para o mercado norte-americano \u00e9 um passo fundamental para ampliarmos nossa presen\u00e7a nesse p\u00fablico, gerando mais oportunidades para a economia local. Al\u00e9m disso, a possibilidade de voo regular para Cabo Frio facilitar\u00e1 o acesso \u00e0 nossa regi\u00e3o, beneficiando diretamente o setor hoteleiro, gastron\u00f4mico e de servi\u00e7os de base comunit\u00e1ria\u201d, afirmou o secret\u00e1rio Thomas Weber.<\/p>\n<p>Tamb\u00e9m participaram dos encontros o gerente de Intelig\u00eancia de Dados da Embratur, F\u00e1bio Montanheiro, a coordenadora de Assuntos Estrat\u00e9gicos, K\u00e1tia Bitencourt, e a coordenadora de Articula\u00e7\u00e3o com o Trade Nacional, Carina C\u00e2mara.<\/p>\n","protected":false},"excerpt":{"rendered":"<p>Em reuni\u00e3o realizada durante o Encontro de Novos Prefeitos e Prefeitas, realizado pelo governo federal em Bras\u00edlia na \u00faltima semana, o secret\u00e1rio de Turismo de Arma\u00e7\u00e3o dos B\u00fazios, Thomas Weber, participou de uma reuni\u00e3o com o presidente da Ag\u00eancia Brasileira de Promo\u00e7\u00e3o Internacional do Turismo (Embratur), Marcelo Freixo (PT-RJ). Durante o encontro, que contou ainda [&hellip;]<\/p>\n","protected":false},"author":2,"featured_media":13438,"comment_status":"open","ping_status":"open","sticky":true,"template":"","format":"standard","meta":{"footnotes":""},"categories":[824],"tags":[1896],"class_list":["post-13437","post","type-post","status-publish","format-standard","has-post-thumbnail","hentry","category-buzios","tag-destaque"],"_links":{"self":[{"href":"https:\/\/blogdodanielgalvao.com.br\/site\/wp-json\/wp\/v2\/posts\/13437","targetHints":{"allow":["GET"]}}],"collection":[{"href":"https:\/\/blogdodanielgalvao.com.br\/site\/wp-json\/wp\/v2\/posts"}],"about":[{"href":"https:\/\/blogdodanielgalvao.com.br\/site\/wp-json\/wp\/v2\/types\/post"}],"author":[{"embeddable":true,"href":"https:\/\/blogdodanielgalvao.com.br\/site\/wp-json\/wp\/v2\/users\/2"}],"replies":[{"embeddable":true,"href":"https:\/\/blogdodanielgalvao.com.br\/site\/wp-json\/wp\/v2\/comments?post=13437"}],"version-history":[{"count":1,"href":"https:\/\/blogdodanielgalvao.com.br\/site\/wp-json\/wp\/v2\/posts\/13437\/revisions"}],"predecessor-version":[{"id":13439,"href":"https:\/\/blogdodanielgalvao.com.br\/site\/wp-json\/wp\/v2\/posts\/13437\/revisions\/13439"}],"wp:featuredmedia":[{"embeddable":true,"href":"https:\/\/blogdodanielgalvao.com.br\/site\/wp-json\/wp\/v2\/media\/13438"}],"wp:attachment":[{"href":"https:\/\/blogdodanielgalvao.com.br\/site\/wp-json\/wp\/v2\/media?parent=13437"}],"wp:term":[{"taxonomy":"category","embeddable":true,"href":"https:\/\/blogdodanielgalvao.com.br\/site\/wp-json\/wp\/v2\/categories?post=13437"},{"taxonomy":"post_tag","embeddable":true,"href":"https:\/\/blogdodanielgalvao.com.br\/site\/wp-json\/wp\/v2\/tags?post=13437"}],"curies":[{"name":"wp","href":"https:\/\/api.w.org\/{rel}","templated":true}]}}