{"id":13431,"date":"2025-02-16T08:00:51","date_gmt":"2025-02-16T11:00:51","guid":{"rendered":"https:\/\/blogdodanielgalvao.com.br\/site\/?p=13431"},"modified":"2025-02-15T18:55:03","modified_gmt":"2025-02-15T21:55:03","slug":"cabo-frio-ja-cadastrou-mais-de-100-ambulantes-para-trabalhar-no-carnaval-2025","status":"publish","type":"post","link":"https:\/\/blogdodanielgalvao.com.br\/site\/cabo-frio-ja-cadastrou-mais-de-100-ambulantes-para-trabalhar-no-carnaval-2025\/","title":{"rendered":"Cabo Frio j\u00e1 cadastrou mais de 100 ambulantes para trabalhar no Carnaval 2025"},"content":{"rendered":"<p>Cabo Frio deu in\u00edcio nesta semana ao cadastramento de ambulantes que v\u00e3o trabalhar durante o Carnaval 2025 nas orlas das praias do munic\u00edpio. A a\u00e7\u00e3o teve in\u00edcio na \u00faltima quinta-feira (13), onde j\u00e1 foram registrados 100 atendimentos no distrito-sede e em Tamoios. Os atendimentos seguiram tamb\u00e9m na \u00faltima sexta-feira (14).<\/p>\n<p>Os cadastramentos foram realizados na Secretaria Adjunta de Licenciamento e Fiscaliza\u00e7\u00e3o, no Braga, e na Superintend\u00eancia de Licenciamento e Fiscaliza\u00e7\u00e3o, em Tamoios, conforme divulgado no edital.<\/p>\n<p>\u201cEssa iniciativa tem como objetivo garantir que o com\u00e9rcio ambulante nas \u00e1reas da orla (Forte, Per\u00f3, Pontal e Unamar) ocorra de forma organizada, segura e em conformidade com as normas urbanas. As \u00e1reas ser\u00e3o demarcadas para garantir organiza\u00e7\u00e3o e respeito entre os trabalhadores\u201d, destacou o secret\u00e1rio de Seguran\u00e7a e Ordem P\u00fablica, coronel Leandro Carvalho.<\/p>\n<p>O secret\u00e1rio adjunto de Licenciamento e Fiscaliza\u00e7\u00e3o, Vitor S\u00e1, refor\u00e7ou a import\u00e2ncia do processo para a regulariza\u00e7\u00e3o dos ambulantes.<\/p>\n<p>\u201cO cadastramento \u00e9 fundamental para garantir que todos os trabalhadores atuem dentro das normas estabelecidas, evitando a ocupa\u00e7\u00e3o desordenada dos espa\u00e7os p\u00fablicos\u201d, afirmou.<\/p>\n","protected":false},"excerpt":{"rendered":"<p>Cabo Frio deu in\u00edcio nesta semana ao cadastramento de ambulantes que v\u00e3o trabalhar durante o Carnaval 2025 nas orlas das praias do munic\u00edpio. A a\u00e7\u00e3o teve in\u00edcio na \u00faltima quinta-feira (13), onde j\u00e1 foram registrados 100 atendimentos no distrito-sede e em Tamoios. Os atendimentos seguiram tamb\u00e9m na \u00faltima sexta-feira (14). Os cadastramentos foram realizados na [&hellip;]<\/p>\n","protected":false},"author":2,"featured_media":13432,"comment_status":"open","ping_status":"open","sticky":true,"template":"","format":"standard","meta":{"footnotes":""},"categories":[340],"tags":[2374,2375],"class_list":["post-13431","post","type-post","status-publish","format-standard","has-post-thumbnail","hentry","category-cabo-frio","tag-cabo-frio-esta-cadastrando-ambulantes","tag-carnaval-2025"],"_links":{"self":[{"href":"https:\/\/blogdodanielgalvao.com.br\/site\/wp-json\/wp\/v2\/posts\/13431","targetHints":{"allow":["GET"]}}],"collection":[{"href":"https:\/\/blogdodanielgalvao.com.br\/site\/wp-json\/wp\/v2\/posts"}],"about":[{"href":"https:\/\/blogdodanielgalvao.com.br\/site\/wp-json\/wp\/v2\/types\/post"}],"author":[{"embeddable":true,"href":"https:\/\/blogdodanielgalvao.com.br\/site\/wp-json\/wp\/v2\/users\/2"}],"replies":[{"embeddable":true,"href":"https:\/\/blogdodanielgalvao.com.br\/site\/wp-json\/wp\/v2\/comments?post=13431"}],"version-history":[{"count":1,"href":"https:\/\/blogdodanielgalvao.com.br\/site\/wp-json\/wp\/v2\/posts\/13431\/revisions"}],"predecessor-version":[{"id":13433,"href":"https:\/\/blogdodanielgalvao.com.br\/site\/wp-json\/wp\/v2\/posts\/13431\/revisions\/13433"}],"wp:featuredmedia":[{"embeddable":true,"href":"https:\/\/blogdodanielgalvao.com.br\/site\/wp-json\/wp\/v2\/media\/13432"}],"wp:attachment":[{"href":"https:\/\/blogdodanielgalvao.com.br\/site\/wp-json\/wp\/v2\/media?parent=13431"}],"wp:term":[{"taxonomy":"category","embeddable":true,"href":"https:\/\/blogdodanielgalvao.com.br\/site\/wp-json\/wp\/v2\/categories?post=13431"},{"taxonomy":"post_tag","embeddable":true,"href":"https:\/\/blogdodanielgalvao.com.br\/site\/wp-json\/wp\/v2\/tags?post=13431"}],"curies":[{"name":"wp","href":"https:\/\/api.w.org\/{rel}","templated":true}]}}