{"id":13423,"date":"2025-02-16T08:00:54","date_gmt":"2025-02-16T11:00:54","guid":{"rendered":"https:\/\/blogdodanielgalvao.com.br\/site\/?p=13423"},"modified":"2025-02-15T18:40:41","modified_gmt":"2025-02-15T21:40:41","slug":"farol-de-sao-tome-contara-com-apresentacao-na-tenda-cultural-neste-domingo","status":"publish","type":"post","link":"https:\/\/blogdodanielgalvao.com.br\/site\/farol-de-sao-tome-contara-com-apresentacao-na-tenda-cultural-neste-domingo\/","title":{"rendered":"Farol de S\u00e3o Tom\u00e9 contar\u00e1 com apresenta\u00e7\u00e3o na Tenda Cultural neste domingo"},"content":{"rendered":"<p>Campos vai receber neste domingo o espet\u00e1culo \u201cBaqueta e Julieta, O Show\u201d. O evento ser\u00e1 realizado a partir das 11h na Tenda Cultura de Farol de S\u00e3o Tom\u00e9. Na ocasi\u00e3o, a apresenta\u00e7\u00e3o contar\u00e1 com m\u00fasica ao vivo e palha\u00e7aria do Grupo Cabe, do Rio de Janeiro.<\/p>\n<p>A atra\u00e7\u00e3o faz parte da programa\u00e7\u00e3o do \u201cVer\u00e3o de Todos N\u00f3s 2025\u201d, promovida pela Prefeitura de Campos, via Funda\u00e7\u00e3o Cultural Jornalista Oswaldo Lima (FCJOL), com entrada franca. O espet\u00e1culo tem classifica\u00e7\u00e3o livre.<\/p>\n<p>Baqueta (Akau\u00e3 Santos) e Julieta (Juliana Cardoso) apresentar\u00e3o um show c\u00eanico infantil, que combina m\u00fasica ao vivo e palha\u00e7aria, em uma experi\u00eancia repleta de humor, criatividade e intera\u00e7\u00e3o. Baqueta, um palha\u00e7o curioso e cheio de energia, e Julieta uma palha\u00e7a engenhosa e carism\u00e1tica, transformam objetos simples em instrumentos e criam situa\u00e7\u00f5es inusitadas que divertem e encantam o p\u00fablico.<\/p>\n<p>\u201cJ\u00e1 me apresentei em Farol algumas vezes, quando era aluna do Curso Livre de Teatro da FCJOL. Quando penso na minha trajet\u00f3ria de l\u00e1 at\u00e9 aqui, s\u00f3 sinto gratid\u00e3o por tudo que o teatro me deu. Ser\u00e1 um reencontro com o meu munic\u00edpio e, principalmente, com minhas primeiras professoras e professores de teatro. N\u00e3o posso deixar de mencionar todo o meu amor e gratid\u00e3o especial \u00e0 Maria Helena Gomes, saudosa diretora, que me ensinou toda a paix\u00e3o e disciplina ao teatro\u201d, revelava Juliana Cardoso, campista radicada no Rio, onde se formou em Artes C\u00eanicas.<\/p>\n","protected":false},"excerpt":{"rendered":"<p>Campos vai receber neste domingo o espet\u00e1culo \u201cBaqueta e Julieta, O Show\u201d. O evento ser\u00e1 realizado a partir das 11h na Tenda Cultura de Farol de S\u00e3o Tom\u00e9. Na ocasi\u00e3o, a apresenta\u00e7\u00e3o contar\u00e1 com m\u00fasica ao vivo e palha\u00e7aria do Grupo Cabe, do Rio de Janeiro. A atra\u00e7\u00e3o faz parte da programa\u00e7\u00e3o do \u201cVer\u00e3o de [&hellip;]<\/p>\n","protected":false},"author":2,"featured_media":13424,"comment_status":"open","ping_status":"open","sticky":true,"template":"","format":"standard","meta":{"footnotes":""},"categories":[2081],"tags":[2371,2372,2370],"class_list":["post-13423","post","type-post","status-publish","format-standard","has-post-thumbnail","hentry","category-lazer","tag-espetaculo-baqueta-e-julieta","tag-o-show","tag-tenda-cultural-de-farol-de-sao-tome"],"_links":{"self":[{"href":"https:\/\/blogdodanielgalvao.com.br\/site\/wp-json\/wp\/v2\/posts\/13423","targetHints":{"allow":["GET"]}}],"collection":[{"href":"https:\/\/blogdodanielgalvao.com.br\/site\/wp-json\/wp\/v2\/posts"}],"about":[{"href":"https:\/\/blogdodanielgalvao.com.br\/site\/wp-json\/wp\/v2\/types\/post"}],"author":[{"embeddable":true,"href":"https:\/\/blogdodanielgalvao.com.br\/site\/wp-json\/wp\/v2\/users\/2"}],"replies":[{"embeddable":true,"href":"https:\/\/blogdodanielgalvao.com.br\/site\/wp-json\/wp\/v2\/comments?post=13423"}],"version-history":[{"count":1,"href":"https:\/\/blogdodanielgalvao.com.br\/site\/wp-json\/wp\/v2\/posts\/13423\/revisions"}],"predecessor-version":[{"id":13425,"href":"https:\/\/blogdodanielgalvao.com.br\/site\/wp-json\/wp\/v2\/posts\/13423\/revisions\/13425"}],"wp:featuredmedia":[{"embeddable":true,"href":"https:\/\/blogdodanielgalvao.com.br\/site\/wp-json\/wp\/v2\/media\/13424"}],"wp:attachment":[{"href":"https:\/\/blogdodanielgalvao.com.br\/site\/wp-json\/wp\/v2\/media?parent=13423"}],"wp:term":[{"taxonomy":"category","embeddable":true,"href":"https:\/\/blogdodanielgalvao.com.br\/site\/wp-json\/wp\/v2\/categories?post=13423"},{"taxonomy":"post_tag","embeddable":true,"href":"https:\/\/blogdodanielgalvao.com.br\/site\/wp-json\/wp\/v2\/tags?post=13423"}],"curies":[{"name":"wp","href":"https:\/\/api.w.org\/{rel}","templated":true}]}}