{"id":13361,"date":"2025-02-14T15:47:28","date_gmt":"2025-02-14T18:47:28","guid":{"rendered":"https:\/\/blogdodanielgalvao.com.br\/site\/?p=13361"},"modified":"2025-02-14T15:47:28","modified_gmt":"2025-02-14T18:47:28","slug":"profissionais-de-saude-de-arraial-do-cabo-passam-por-capacitacao-sobre-a-vacina-bcg","status":"publish","type":"post","link":"https:\/\/blogdodanielgalvao.com.br\/site\/profissionais-de-saude-de-arraial-do-cabo-passam-por-capacitacao-sobre-a-vacina-bcg\/","title":{"rendered":"Profissionais de Sa\u00fade de Arraial do Cabo passam por capacita\u00e7\u00e3o sobre a vacina BCG"},"content":{"rendered":"<p>A Prefeitura de Arraial do Cabo, por meio da Secretaria Municipal de Sa\u00fade, promoveu nesta quinta-feira (13) uma capacita\u00e7\u00e3o voltada para enfermeiros e t\u00e9cnicos de enfermagem que atuam nas salas de vacina\u00e7\u00e3o do munic\u00edpio. O treinamento, realizado no Centro Cultural e Educacional Manoel Camargo, na Praia dos Anjos, teve como foco a aplica\u00e7\u00e3o correta da vacina BCG (Bacilo de Calmette e Gu\u00e9rin), al\u00e9m das normas e procedimentos de seguran\u00e7a.<\/p>\n<p>A qualifica\u00e7\u00e3o ocorreu nos per\u00edodos da manh\u00e3 e da tarde, combinando aulas te\u00f3ricas e oficinas pr\u00e1ticas. A coordenadora de vacina\u00e7\u00e3o, Janete Rangel, ressaltou a import\u00e2ncia da atualiza\u00e7\u00e3o dos profissionais para garantir a qualidade e a seguran\u00e7a no atendimento \u00e0 popula\u00e7\u00e3o.<\/p>\n<p>\u201cA capacita\u00e7\u00e3o dos profissionais de sa\u00fade \u00e9 essencial para assegurar a qualidade dos cuidados prestados, a adapta\u00e7\u00e3o a novos desafios e o cumprimento de normas. No treinamento, refor\u00e7amos o uso correto dos Equipamentos de Prote\u00e7\u00e3o Individual (EPIs) e a aplica\u00e7\u00e3o segura da vacina\u201d, destacou Janete.<\/p>\n<p>A vacina BCG \u00e9 fundamental para a preven\u00e7\u00e3o das formas graves de tuberculose, como a miliar e a men\u00edngea. O imunizante deve ser aplicado em dose \u00fanica, preferencialmente nas primeiras 12 horas de vida do beb\u00ea, ainda na maternidade. No calend\u00e1rio de vacina\u00e7\u00e3o, \u00e9 destinada a crian\u00e7as de 0 a 4 anos, 11 meses\u00a0e\u00a029\u00a0dias.<\/p>\n","protected":false},"excerpt":{"rendered":"<p>A Prefeitura de Arraial do Cabo, por meio da Secretaria Municipal de Sa\u00fade, promoveu nesta quinta-feira (13) uma capacita\u00e7\u00e3o voltada para enfermeiros e t\u00e9cnicos de enfermagem que atuam nas salas de vacina\u00e7\u00e3o do munic\u00edpio. O treinamento, realizado no Centro Cultural e Educacional Manoel Camargo, na Praia dos Anjos, teve como foco a aplica\u00e7\u00e3o correta da [&hellip;]<\/p>\n","protected":false},"author":2,"featured_media":13364,"comment_status":"open","ping_status":"open","sticky":true,"template":"","format":"standard","meta":{"footnotes":""},"categories":[838],"tags":[1896],"class_list":["post-13361","post","type-post","status-publish","format-standard","has-post-thumbnail","hentry","category-arraial-do-cabo","tag-destaque"],"_links":{"self":[{"href":"https:\/\/blogdodanielgalvao.com.br\/site\/wp-json\/wp\/v2\/posts\/13361","targetHints":{"allow":["GET"]}}],"collection":[{"href":"https:\/\/blogdodanielgalvao.com.br\/site\/wp-json\/wp\/v2\/posts"}],"about":[{"href":"https:\/\/blogdodanielgalvao.com.br\/site\/wp-json\/wp\/v2\/types\/post"}],"author":[{"embeddable":true,"href":"https:\/\/blogdodanielgalvao.com.br\/site\/wp-json\/wp\/v2\/users\/2"}],"replies":[{"embeddable":true,"href":"https:\/\/blogdodanielgalvao.com.br\/site\/wp-json\/wp\/v2\/comments?post=13361"}],"version-history":[{"count":1,"href":"https:\/\/blogdodanielgalvao.com.br\/site\/wp-json\/wp\/v2\/posts\/13361\/revisions"}],"predecessor-version":[{"id":13365,"href":"https:\/\/blogdodanielgalvao.com.br\/site\/wp-json\/wp\/v2\/posts\/13361\/revisions\/13365"}],"wp:featuredmedia":[{"embeddable":true,"href":"https:\/\/blogdodanielgalvao.com.br\/site\/wp-json\/wp\/v2\/media\/13364"}],"wp:attachment":[{"href":"https:\/\/blogdodanielgalvao.com.br\/site\/wp-json\/wp\/v2\/media?parent=13361"}],"wp:term":[{"taxonomy":"category","embeddable":true,"href":"https:\/\/blogdodanielgalvao.com.br\/site\/wp-json\/wp\/v2\/categories?post=13361"},{"taxonomy":"post_tag","embeddable":true,"href":"https:\/\/blogdodanielgalvao.com.br\/site\/wp-json\/wp\/v2\/tags?post=13361"}],"curies":[{"name":"wp","href":"https:\/\/api.w.org\/{rel}","templated":true}]}}