{"id":13358,"date":"2025-02-14T15:36:29","date_gmt":"2025-02-14T18:36:29","guid":{"rendered":"https:\/\/blogdodanielgalvao.com.br\/site\/?p=13358"},"modified":"2025-02-14T15:36:29","modified_gmt":"2025-02-14T18:36:29","slug":"evento-incentiva-adocao-responsavel-de-animais-neste-sabado-15-em-cabo-frio","status":"publish","type":"post","link":"https:\/\/blogdodanielgalvao.com.br\/site\/evento-incentiva-adocao-responsavel-de-animais-neste-sabado-15-em-cabo-frio\/","title":{"rendered":"Evento incentiva ado\u00e7\u00e3o respons\u00e1vel de animais neste s\u00e1bado (15) em Cabo Frio"},"content":{"rendered":"<p>O Canil Municipal de Cabo Frio, vinculado \u00e0 Secretaria de Agricultura e Pesca, promove neste s\u00e1bado (15) uma Feira de Ado\u00e7\u00e3o de Animais em um novo local: em frente \u00e0 loja de ra\u00e7\u00f5es na Rua Itajuru, n\u00ba 327, no Centro. O evento ser\u00e1 realizado das 10h \u00e0s 14h e tem como objetivo incentivar a ado\u00e7\u00e3o respons\u00e1vel de c\u00e3es e gatos resgatados.<\/p>\n<p>Para participar da ado\u00e7\u00e3o, \u00e9 necess\u00e1rio que os interessados tenham mais de 18 anos e apresentem um documento de identidade e um comprovante de resid\u00eancia. Todos os animais dispon\u00edveis para ado\u00e7\u00e3o j\u00e1 ter\u00e3o recebido a primeira dose da vacina, e os novos tutores poder\u00e3o contar com suporte veterin\u00e1rio oferecido pela Secretaria de Agricultura durante o per\u00edodo p\u00f3s-ado\u00e7\u00e3o.<\/p>\n<p>&nbsp;<\/p>\n<p><strong>Servi\u00e7o:<\/strong><\/p>\n<p>&#8211; <strong>Evento:<\/strong> Feira de Ado\u00e7\u00e3o de Animais<\/p>\n<p>&#8211; <strong>Data: <\/strong>S\u00e1bado, 15 de fevereiro<\/p>\n<p>&#8211; <strong>Hor\u00e1rio:<\/strong> 10h \u00e0s 14h<\/p>\n<p>&#8211; <strong>Local:<\/strong> Rua Itajuru, n\u00ba 327, Centro, em frente \u00e0\u00a0loja\u00a0de\u00a0ra\u00e7\u00f5es<\/p>\n","protected":false},"excerpt":{"rendered":"<p>O Canil Municipal de Cabo Frio, vinculado \u00e0 Secretaria de Agricultura e Pesca, promove neste s\u00e1bado (15) uma Feira de Ado\u00e7\u00e3o de Animais em um novo local: em frente \u00e0 loja de ra\u00e7\u00f5es na Rua Itajuru, n\u00ba 327, no Centro. O evento ser\u00e1 realizado das 10h \u00e0s 14h e tem como objetivo incentivar a ado\u00e7\u00e3o [&hellip;]<\/p>\n","protected":false},"author":2,"featured_media":13359,"comment_status":"open","ping_status":"open","sticky":true,"template":"","format":"standard","meta":{"footnotes":""},"categories":[340],"tags":[1896],"class_list":["post-13358","post","type-post","status-publish","format-standard","has-post-thumbnail","hentry","category-cabo-frio","tag-destaque"],"_links":{"self":[{"href":"https:\/\/blogdodanielgalvao.com.br\/site\/wp-json\/wp\/v2\/posts\/13358","targetHints":{"allow":["GET"]}}],"collection":[{"href":"https:\/\/blogdodanielgalvao.com.br\/site\/wp-json\/wp\/v2\/posts"}],"about":[{"href":"https:\/\/blogdodanielgalvao.com.br\/site\/wp-json\/wp\/v2\/types\/post"}],"author":[{"embeddable":true,"href":"https:\/\/blogdodanielgalvao.com.br\/site\/wp-json\/wp\/v2\/users\/2"}],"replies":[{"embeddable":true,"href":"https:\/\/blogdodanielgalvao.com.br\/site\/wp-json\/wp\/v2\/comments?post=13358"}],"version-history":[{"count":1,"href":"https:\/\/blogdodanielgalvao.com.br\/site\/wp-json\/wp\/v2\/posts\/13358\/revisions"}],"predecessor-version":[{"id":13360,"href":"https:\/\/blogdodanielgalvao.com.br\/site\/wp-json\/wp\/v2\/posts\/13358\/revisions\/13360"}],"wp:featuredmedia":[{"embeddable":true,"href":"https:\/\/blogdodanielgalvao.com.br\/site\/wp-json\/wp\/v2\/media\/13359"}],"wp:attachment":[{"href":"https:\/\/blogdodanielgalvao.com.br\/site\/wp-json\/wp\/v2\/media?parent=13358"}],"wp:term":[{"taxonomy":"category","embeddable":true,"href":"https:\/\/blogdodanielgalvao.com.br\/site\/wp-json\/wp\/v2\/categories?post=13358"},{"taxonomy":"post_tag","embeddable":true,"href":"https:\/\/blogdodanielgalvao.com.br\/site\/wp-json\/wp\/v2\/tags?post=13358"}],"curies":[{"name":"wp","href":"https:\/\/api.w.org\/{rel}","templated":true}]}}