{"id":12818,"date":"2025-02-06T13:43:13","date_gmt":"2025-02-06T16:43:13","guid":{"rendered":"https:\/\/blogdodanielgalvao.com.br\/site\/?p=12818"},"modified":"2025-02-06T13:43:13","modified_gmt":"2025-02-06T16:43:13","slug":"prefeitura-de-arraial-do-cabo-treina-novos-servidores-para-atuar-no-cadastro-unico","status":"publish","type":"post","link":"https:\/\/blogdodanielgalvao.com.br\/site\/prefeitura-de-arraial-do-cabo-treina-novos-servidores-para-atuar-no-cadastro-unico\/","title":{"rendered":"Prefeitura de Arraial do Cabo treina novos servidores para atuar no Cadastro \u00danico"},"content":{"rendered":"<p>A Prefeitura de Arraial do Cabo, por meio da Secretaria de Desenvolvimento Social, realizou nesta semana a capacita\u00e7\u00e3o de Entrevistadores do Cadastro \u00danico (Cad\u00danico). O treinamento, com dura\u00e7\u00e3o de 40 horas, foi voltado para os novos Educadores Sociais contratados atrav\u00e9s do Processo Seletivo Simplificado 005\/2024.<\/p>\n<p>As aulas aconteceram entre os dias 4 e 6 de fevereiro, no Centro Cultural Manoel Camargo, no Centro da cidade. O curso abordou conceitos essenciais da entrevista do Cad\u00danico, preenchimento de formul\u00e1rios e normas estabelecidas pelo governo federal para garantir o correto cadastramento das fam\u00edlias de baixa renda.<\/p>\n<p>O Cadastro \u00danico \u00e9 um instrumento fundamental para a inclus\u00e3o de fam\u00edlias em situa\u00e7\u00e3o de vulnerabilidade social em programas como Bolsa Fam\u00edlia, BPC, ID Jovem, tarifa social de energia el\u00e9trica e outros benef\u00edcios. Em Arraial do Cabo, ele tamb\u00e9m \u00e9 porta de entrada para o programa Gira Renda Cabista.<\/p>\n<p>De acordo com o secret\u00e1rio de Desenvolvimento Social, Ramon Pl\u00e1cido, 16 novos servidores foram contratados e come\u00e7am a atuar nesta sexta-feira (7) nas unidades do Centro de Refer\u00eancia de Assist\u00eancia Social (CRAS), localizadas na Praia Grande, Monte Alto e Figueira.<\/p>\n<p>&#8220;As novas contrata\u00e7\u00f5es foram necess\u00e1rias devido ao encerramento dos contratos anteriores. Todos os selecionados passaram por capacita\u00e7\u00e3o e, por isso, o servi\u00e7o ficou temporariamente paralisado. Mas, a partir desta sexta, ser\u00e1 retomado com a equipe treinada e certificada&#8221;, afirmou\u00a0o\u00a0secret\u00e1rio.<\/p>\n","protected":false},"excerpt":{"rendered":"<p>A Prefeitura de Arraial do Cabo, por meio da Secretaria de Desenvolvimento Social, realizou nesta semana a capacita\u00e7\u00e3o de Entrevistadores do Cadastro \u00danico (Cad\u00danico). O treinamento, com dura\u00e7\u00e3o de 40 horas, foi voltado para os novos Educadores Sociais contratados atrav\u00e9s do Processo Seletivo Simplificado 005\/2024. As aulas aconteceram entre os dias 4 e 6 de [&hellip;]<\/p>\n","protected":false},"author":2,"featured_media":12819,"comment_status":"open","ping_status":"open","sticky":true,"template":"","format":"standard","meta":{"footnotes":""},"categories":[838],"tags":[1896],"class_list":["post-12818","post","type-post","status-publish","format-standard","has-post-thumbnail","hentry","category-arraial-do-cabo","tag-destaque"],"_links":{"self":[{"href":"https:\/\/blogdodanielgalvao.com.br\/site\/wp-json\/wp\/v2\/posts\/12818","targetHints":{"allow":["GET"]}}],"collection":[{"href":"https:\/\/blogdodanielgalvao.com.br\/site\/wp-json\/wp\/v2\/posts"}],"about":[{"href":"https:\/\/blogdodanielgalvao.com.br\/site\/wp-json\/wp\/v2\/types\/post"}],"author":[{"embeddable":true,"href":"https:\/\/blogdodanielgalvao.com.br\/site\/wp-json\/wp\/v2\/users\/2"}],"replies":[{"embeddable":true,"href":"https:\/\/blogdodanielgalvao.com.br\/site\/wp-json\/wp\/v2\/comments?post=12818"}],"version-history":[{"count":1,"href":"https:\/\/blogdodanielgalvao.com.br\/site\/wp-json\/wp\/v2\/posts\/12818\/revisions"}],"predecessor-version":[{"id":12820,"href":"https:\/\/blogdodanielgalvao.com.br\/site\/wp-json\/wp\/v2\/posts\/12818\/revisions\/12820"}],"wp:featuredmedia":[{"embeddable":true,"href":"https:\/\/blogdodanielgalvao.com.br\/site\/wp-json\/wp\/v2\/media\/12819"}],"wp:attachment":[{"href":"https:\/\/blogdodanielgalvao.com.br\/site\/wp-json\/wp\/v2\/media?parent=12818"}],"wp:term":[{"taxonomy":"category","embeddable":true,"href":"https:\/\/blogdodanielgalvao.com.br\/site\/wp-json\/wp\/v2\/categories?post=12818"},{"taxonomy":"post_tag","embeddable":true,"href":"https:\/\/blogdodanielgalvao.com.br\/site\/wp-json\/wp\/v2\/tags?post=12818"}],"curies":[{"name":"wp","href":"https:\/\/api.w.org\/{rel}","templated":true}]}}