{"id":12815,"date":"2025-02-06T13:26:44","date_gmt":"2025-02-06T16:26:44","guid":{"rendered":"https:\/\/blogdodanielgalvao.com.br\/site\/?p=12815"},"modified":"2025-02-06T13:26:44","modified_gmt":"2025-02-06T16:26:44","slug":"cabo-frio-amplia-combate-a-dengue-com-mutiroes-e-cartilha-preventiva","status":"publish","type":"post","link":"https:\/\/blogdodanielgalvao.com.br\/site\/cabo-frio-amplia-combate-a-dengue-com-mutiroes-e-cartilha-preventiva\/","title":{"rendered":"Cabo Frio amplia combate \u00e0 dengue com mutir\u00f5es e cartilha preventiva"},"content":{"rendered":"<p>A Secretaria de Sa\u00fade de Cabo Frio, por meio da Superintend\u00eancia de Vigil\u00e2ncia Ambiental, est\u00e1 refor\u00e7ando as a\u00e7\u00f5es de combate ao Aedes aegypit ap\u00f3s registro de 39 casos de arboviroses em janeiro. Do total, 12 foram confirmados \u2013 sendo sete de chikungunya \u2013, 18 descartados e dois ainda est\u00e3o em investiga\u00e7\u00e3o.<\/p>\n<p>Para conter a prolifera\u00e7\u00e3o do mosquito transmissor da dengue, zika e chikungunya, equipes da prefeitura est\u00e3o percorrendo diversos bairros, identificando e eliminando poss\u00edveis criadouros. A a\u00e7\u00e3o inclui visitas domiciliares, aplica\u00e7\u00e3o de larvicida em locais com \u00e1gua parada e orienta\u00e7\u00e3o \u00e0 popula\u00e7\u00e3o sobre medidas preventivas.<\/p>\n<p>Al\u00e9m do trabalho em campo, a Superintend\u00eancia de Vigil\u00e2ncia Epidemiol\u00f3gica lan\u00e7ou uma cartilha digital educativa, dispon\u00edvel nas redes sociais da Prefeitura, com informa\u00e7\u00f5es sobre preven\u00e7\u00e3o.<\/p>\n<p>&#8220;Refor\u00e7amos a import\u00e2ncia dos \u201810 minutos contra a dengue\u2019, incentivando cada morador a inspecionar sua casa semanalmente para eliminar focos do mosquito. A Prefeitura tamb\u00e9m disponibiliza telas de prote\u00e7\u00e3o para caixas d\u2019\u00e1gua&#8221;, explica Domingos Jos\u00e9 Pires, superintendente de Vigil\u00e2ncia Ambiental.<\/p>\n<p>Desde janeiro, os agentes j\u00e1 atuaram em bairros como Ogiva, Gamboa, S\u00e3o Bento, Per\u00f3, Jardim Excelsior, S\u00e3o Crist\u00f3v\u00e3o, Braga e Jardim Esperan\u00e7a, al\u00e9m do distrito de Tamoios, incluindo as localidades de Sambur\u00e1, Garcia, Unamar e Maria\u00a0Joaquina.<\/p>\n","protected":false},"excerpt":{"rendered":"<p>A Secretaria de Sa\u00fade de Cabo Frio, por meio da Superintend\u00eancia de Vigil\u00e2ncia Ambiental, est\u00e1 refor\u00e7ando as a\u00e7\u00f5es de combate ao Aedes aegypit ap\u00f3s registro de 39 casos de arboviroses em janeiro. Do total, 12 foram confirmados \u2013 sendo sete de chikungunya \u2013, 18 descartados e dois ainda est\u00e3o em investiga\u00e7\u00e3o. Para conter a prolifera\u00e7\u00e3o [&hellip;]<\/p>\n","protected":false},"author":2,"featured_media":12816,"comment_status":"open","ping_status":"open","sticky":true,"template":"","format":"standard","meta":{"footnotes":""},"categories":[340],"tags":[1896],"class_list":["post-12815","post","type-post","status-publish","format-standard","has-post-thumbnail","hentry","category-cabo-frio","tag-destaque"],"_links":{"self":[{"href":"https:\/\/blogdodanielgalvao.com.br\/site\/wp-json\/wp\/v2\/posts\/12815","targetHints":{"allow":["GET"]}}],"collection":[{"href":"https:\/\/blogdodanielgalvao.com.br\/site\/wp-json\/wp\/v2\/posts"}],"about":[{"href":"https:\/\/blogdodanielgalvao.com.br\/site\/wp-json\/wp\/v2\/types\/post"}],"author":[{"embeddable":true,"href":"https:\/\/blogdodanielgalvao.com.br\/site\/wp-json\/wp\/v2\/users\/2"}],"replies":[{"embeddable":true,"href":"https:\/\/blogdodanielgalvao.com.br\/site\/wp-json\/wp\/v2\/comments?post=12815"}],"version-history":[{"count":1,"href":"https:\/\/blogdodanielgalvao.com.br\/site\/wp-json\/wp\/v2\/posts\/12815\/revisions"}],"predecessor-version":[{"id":12817,"href":"https:\/\/blogdodanielgalvao.com.br\/site\/wp-json\/wp\/v2\/posts\/12815\/revisions\/12817"}],"wp:featuredmedia":[{"embeddable":true,"href":"https:\/\/blogdodanielgalvao.com.br\/site\/wp-json\/wp\/v2\/media\/12816"}],"wp:attachment":[{"href":"https:\/\/blogdodanielgalvao.com.br\/site\/wp-json\/wp\/v2\/media?parent=12815"}],"wp:term":[{"taxonomy":"category","embeddable":true,"href":"https:\/\/blogdodanielgalvao.com.br\/site\/wp-json\/wp\/v2\/categories?post=12815"},{"taxonomy":"post_tag","embeddable":true,"href":"https:\/\/blogdodanielgalvao.com.br\/site\/wp-json\/wp\/v2\/tags?post=12815"}],"curies":[{"name":"wp","href":"https:\/\/api.w.org\/{rel}","templated":true}]}}