{"id":12812,"date":"2025-02-06T13:14:02","date_gmt":"2025-02-06T16:14:02","guid":{"rendered":"https:\/\/blogdodanielgalvao.com.br\/site\/?p=12812"},"modified":"2025-02-06T13:14:02","modified_gmt":"2025-02-06T16:14:02","slug":"baratas-sujeira-e-alimentos-vencidos-levam-a-interdicao-de-quiosques-na-praia-do-forte-em-cabo-frio","status":"publish","type":"post","link":"https:\/\/blogdodanielgalvao.com.br\/site\/baratas-sujeira-e-alimentos-vencidos-levam-a-interdicao-de-quiosques-na-praia-do-forte-em-cabo-frio\/","title":{"rendered":"Baratas, sujeira e alimentos vencidos levam \u00e0 interdi\u00e7\u00e3o de quiosques na Praia do Forte, em Cabo Frio"},"content":{"rendered":"<p>Dois quiosques foram interditados pela Vigil\u00e2ncia Sanit\u00e1ria de Cabo Frio nesta quarta-feira (5) ap\u00f3s a fiscaliza\u00e7\u00e3o encontrar graves irregularidades sanit\u00e1rias na Praia do Forte. A a\u00e7\u00e3o contou com o apoio da Secretaria de Meio Ambiente, Saneamento e Clima.<\/p>\n<p>Durante a inspe\u00e7\u00e3o, os fiscais identificaram baratas vivas e mortas, ac\u00famulo de sujeira, fia\u00e7\u00e3o exposta e alimentos sem identifica\u00e7\u00e3o de validade ou armazenados de forma inadequada.<\/p>\n<p>No primeiro quiosque, al\u00e9m da infesta\u00e7\u00e3o de baratas, havia ac\u00famulo de lixo, utens\u00edlios sujos e cerca de 5 kg de alimentos impr\u00f3prios para consumo, que foram imediatamente descartados. J\u00e1 no segundo, as mesmas infra\u00e7\u00f5es foram constatadas, al\u00e9m da aus\u00eancia de licenciamento sanit\u00e1rio.<\/p>\n<p>Os respons\u00e1veis pelos quiosques ter\u00e3o prazos de cinco e quinze dias, respectivamente, para regularizar a situa\u00e7\u00e3o e apresentar defesa.<\/p>\n<p>A a\u00e7\u00e3o refor\u00e7a o compromisso da fiscaliza\u00e7\u00e3o com a seguran\u00e7a alimentar de moradores e turistas.<\/p>\n<p>Den\u00fancias podem ser feitas pelo telefone\u00a0(22)\u00a02646-2506.<\/p>\n","protected":false},"excerpt":{"rendered":"<p>Dois quiosques foram interditados pela Vigil\u00e2ncia Sanit\u00e1ria de Cabo Frio nesta quarta-feira (5) ap\u00f3s a fiscaliza\u00e7\u00e3o encontrar graves irregularidades sanit\u00e1rias na Praia do Forte. A a\u00e7\u00e3o contou com o apoio da Secretaria de Meio Ambiente, Saneamento e Clima. Durante a inspe\u00e7\u00e3o, os fiscais identificaram baratas vivas e mortas, ac\u00famulo de sujeira, fia\u00e7\u00e3o exposta e alimentos [&hellip;]<\/p>\n","protected":false},"author":2,"featured_media":12813,"comment_status":"open","ping_status":"open","sticky":true,"template":"","format":"standard","meta":{"footnotes":""},"categories":[340],"tags":[1896],"class_list":["post-12812","post","type-post","status-publish","format-standard","has-post-thumbnail","hentry","category-cabo-frio","tag-destaque"],"_links":{"self":[{"href":"https:\/\/blogdodanielgalvao.com.br\/site\/wp-json\/wp\/v2\/posts\/12812","targetHints":{"allow":["GET"]}}],"collection":[{"href":"https:\/\/blogdodanielgalvao.com.br\/site\/wp-json\/wp\/v2\/posts"}],"about":[{"href":"https:\/\/blogdodanielgalvao.com.br\/site\/wp-json\/wp\/v2\/types\/post"}],"author":[{"embeddable":true,"href":"https:\/\/blogdodanielgalvao.com.br\/site\/wp-json\/wp\/v2\/users\/2"}],"replies":[{"embeddable":true,"href":"https:\/\/blogdodanielgalvao.com.br\/site\/wp-json\/wp\/v2\/comments?post=12812"}],"version-history":[{"count":1,"href":"https:\/\/blogdodanielgalvao.com.br\/site\/wp-json\/wp\/v2\/posts\/12812\/revisions"}],"predecessor-version":[{"id":12814,"href":"https:\/\/blogdodanielgalvao.com.br\/site\/wp-json\/wp\/v2\/posts\/12812\/revisions\/12814"}],"wp:featuredmedia":[{"embeddable":true,"href":"https:\/\/blogdodanielgalvao.com.br\/site\/wp-json\/wp\/v2\/media\/12813"}],"wp:attachment":[{"href":"https:\/\/blogdodanielgalvao.com.br\/site\/wp-json\/wp\/v2\/media?parent=12812"}],"wp:term":[{"taxonomy":"category","embeddable":true,"href":"https:\/\/blogdodanielgalvao.com.br\/site\/wp-json\/wp\/v2\/categories?post=12812"},{"taxonomy":"post_tag","embeddable":true,"href":"https:\/\/blogdodanielgalvao.com.br\/site\/wp-json\/wp\/v2\/tags?post=12812"}],"curies":[{"name":"wp","href":"https:\/\/api.w.org\/{rel}","templated":true}]}}