{"id":12809,"date":"2025-02-06T11:16:30","date_gmt":"2025-02-06T14:16:30","guid":{"rendered":"https:\/\/blogdodanielgalvao.com.br\/site\/?p=12809"},"modified":"2025-02-06T11:16:30","modified_gmt":"2025-02-06T14:16:30","slug":"buzios-questiona-analise-do-inea-e-reforca-monitoramento-da-agua-nas-praias","status":"publish","type":"post","link":"https:\/\/blogdodanielgalvao.com.br\/site\/buzios-questiona-analise-do-inea-e-reforca-monitoramento-da-agua-nas-praias\/","title":{"rendered":"B\u00fazios questiona an\u00e1lise do Inea e refor\u00e7a monitoramento da \u00e1gua nas praias"},"content":{"rendered":"<p>A Prefeitura de B\u00fazios divulgou uma nota nesta quarta-feira (5) contestando os laudos do Instituto Estadual do Ambiente (Inea) sobre a qualidade da \u00e1gua das praias da cidade, incluindo a Praia de Jo\u00e3o Fernandes, que possui a certifica\u00e7\u00e3o internacional Bandeira Azul. Segundo o munic\u00edpio, os resultados apresentados pelo \u00f3rg\u00e3o estadual divergem dos dados obtidos nos \u00faltimos quatro anos, que indicam alto padr\u00e3o de balneabilidade nas praias locais.<\/p>\n<p>Diante da diverg\u00eancia, a prefeitura anunciou que realizar\u00e1 novas coletas nesta quinta-feira (6) em diferentes pontos, como as praias do Canto, Arma\u00e7\u00e3o, Ossos, Jo\u00e3o Fernandes e Ferradura. As amostras ser\u00e3o analisadas por um laborat\u00f3rio privado, buscando garantir maior imparcialidade nos resultados.<\/p>\n<p>O engenheiro ambiental Bernardo Corty, da Secretaria do Ambiente e Urbanismo, ressaltou a confiabilidade do monitoramento realizado pelo munic\u00edpio.<\/p>\n<p>&#8220;As an\u00e1lises sempre apontaram resultados pr\u00f3prios para banho, como foi comprovado novamente em dezembro. Com essa nova rodada de testes, esperamos refor\u00e7ar a balneabilidade e excel\u00eancia das nossas praias. Assim que os laudos forem conclu\u00eddos, daremos ampla divulga\u00e7\u00e3o aos resultados.&#8221;<\/p>\n<p>A prefeitura tamb\u00e9m destacou que, em 23 de dezembro, os laudos emitidos j\u00e1 atestavam a qualidade adequada da \u00e1gua nas praias\u00a0analisadas.<\/p>\n","protected":false},"excerpt":{"rendered":"<p>A Prefeitura de B\u00fazios divulgou uma nota nesta quarta-feira (5) contestando os laudos do Instituto Estadual do Ambiente (Inea) sobre a qualidade da \u00e1gua das praias da cidade, incluindo a Praia de Jo\u00e3o Fernandes, que possui a certifica\u00e7\u00e3o internacional Bandeira Azul. Segundo o munic\u00edpio, os resultados apresentados pelo \u00f3rg\u00e3o estadual divergem dos dados obtidos nos [&hellip;]<\/p>\n","protected":false},"author":2,"featured_media":12810,"comment_status":"open","ping_status":"open","sticky":true,"template":"","format":"standard","meta":{"footnotes":""},"categories":[824],"tags":[1896],"class_list":["post-12809","post","type-post","status-publish","format-standard","has-post-thumbnail","hentry","category-buzios","tag-destaque"],"_links":{"self":[{"href":"https:\/\/blogdodanielgalvao.com.br\/site\/wp-json\/wp\/v2\/posts\/12809","targetHints":{"allow":["GET"]}}],"collection":[{"href":"https:\/\/blogdodanielgalvao.com.br\/site\/wp-json\/wp\/v2\/posts"}],"about":[{"href":"https:\/\/blogdodanielgalvao.com.br\/site\/wp-json\/wp\/v2\/types\/post"}],"author":[{"embeddable":true,"href":"https:\/\/blogdodanielgalvao.com.br\/site\/wp-json\/wp\/v2\/users\/2"}],"replies":[{"embeddable":true,"href":"https:\/\/blogdodanielgalvao.com.br\/site\/wp-json\/wp\/v2\/comments?post=12809"}],"version-history":[{"count":1,"href":"https:\/\/blogdodanielgalvao.com.br\/site\/wp-json\/wp\/v2\/posts\/12809\/revisions"}],"predecessor-version":[{"id":12811,"href":"https:\/\/blogdodanielgalvao.com.br\/site\/wp-json\/wp\/v2\/posts\/12809\/revisions\/12811"}],"wp:featuredmedia":[{"embeddable":true,"href":"https:\/\/blogdodanielgalvao.com.br\/site\/wp-json\/wp\/v2\/media\/12810"}],"wp:attachment":[{"href":"https:\/\/blogdodanielgalvao.com.br\/site\/wp-json\/wp\/v2\/media?parent=12809"}],"wp:term":[{"taxonomy":"category","embeddable":true,"href":"https:\/\/blogdodanielgalvao.com.br\/site\/wp-json\/wp\/v2\/categories?post=12809"},{"taxonomy":"post_tag","embeddable":true,"href":"https:\/\/blogdodanielgalvao.com.br\/site\/wp-json\/wp\/v2\/tags?post=12809"}],"curies":[{"name":"wp","href":"https:\/\/api.w.org\/{rel}","templated":true}]}}