{"id":12773,"date":"2025-02-05T17:02:59","date_gmt":"2025-02-05T20:02:59","guid":{"rendered":"https:\/\/blogdodanielgalvao.com.br\/site\/?p=12773"},"modified":"2025-02-05T17:02:59","modified_gmt":"2025-02-05T20:02:59","slug":"cabo-frio-planeja-beneficio-fiscal-para-incentivar-investimentos-em-reabilitacao-de-dependentes-quimicos","status":"publish","type":"post","link":"https:\/\/blogdodanielgalvao.com.br\/site\/cabo-frio-planeja-beneficio-fiscal-para-incentivar-investimentos-em-reabilitacao-de-dependentes-quimicos\/","title":{"rendered":"Cabo Frio planeja benef\u00edcio fiscal para incentivar investimentos em reabilita\u00e7\u00e3o de dependentes qu\u00edmicos"},"content":{"rendered":"<p>Para enfrentar o avan\u00e7o da depend\u00eancia qu\u00edmica na cidade, a Prefeitura de Cabo Frio estuda a cria\u00e7\u00e3o de um benef\u00edcio fiscal no ISS, permitindo que parte da arrecada\u00e7\u00e3o do imposto seja destinada a um fundo de assist\u00eancia social. A proposta, apresentada em audi\u00eancia p\u00fablica no bairro Braga, visa garantir recursos para a manuten\u00e7\u00e3o de um novo centro de acolhimento e reabilita\u00e7\u00e3o de usu\u00e1rios de drogas.<\/p>\n<p>A iniciativa, sugerida pelo vereador Vanderlei Bento, pretende incentivar empresas a investirem no projeto social. Segundo Dr. Serginho, a medida possibilitar\u00e1 melhorias estruturais e assegurar\u00e1 o funcionamento do centro, proporcionando um atendimento mais qualificado aos dependentes qu\u00edmicos em busca de reabilita\u00e7\u00e3o.<\/p>\n<p><strong>\u00a0<\/strong><\/p>\n<p><strong>Um Espa\u00e7o para Recome\u00e7ar<\/strong><\/p>\n<p>O novo centro de acolhimento ser\u00e1 um ambiente voltado \u00e0 transforma\u00e7\u00e3o de vidas, oferecendo tratamento psicol\u00f3gico e psiqui\u00e1trico, acolhimento volunt\u00e1rio, qualifica\u00e7\u00e3o profissional e atividades esportivas. A proposta foi apresentada na noite desta ter\u00e7a-feira (4) por meio das redes sociais. \u201cNosso objetivo n\u00e3o \u00e9 apenas tratar a depend\u00eancia, mas devolver a esperan\u00e7a e criar oportunidades para uma vida melhor\u201d, afirmou Dr. Serginho.<\/p>\n<p>A iniciativa faz parte de um conjunto de a\u00e7\u00f5es voltadas para o enfrentamento do uso de crack e outras drogas na cidade. Com o apoio da gest\u00e3o municipal, lideran\u00e7as comunit\u00e1rias e representantes pol\u00edticos trabalham para adotar uma abordagem mais humanizada no combate \u00e0 depend\u00eancia qu\u00edmica.<\/p>\n<p>&nbsp;<\/p>\n<p><strong>Impacto Esperado<\/strong><\/p>\n<p>Caso o benef\u00edcio fiscal seja implementado, a prefeitura espera atrair mais investimentos para a assist\u00eancia social, garantindo o pleno funcionamento do novo centro de acolhimento. As mudan\u00e7as j\u00e1 come\u00e7am a ser percebidas, especialmente no bairro Braga, onde o projeto est\u00e1 sendo estruturado. \u201cO que j\u00e1 est\u00e1 melhorando precisa avan\u00e7ar ainda mais. Com esse incentivo, a popula\u00e7\u00e3o ver\u00e1 na pr\u00e1tica os benef\u00edcios desse recurso\u201d, destacou Dr. Serginho.<\/p>\n<p>A proposta ainda precisa ser formalizada e aprovada para que os descontos no ISS possam ser regulamentados e aplicados\u00a0efetivamente.<\/p>\n","protected":false},"excerpt":{"rendered":"<p>Para enfrentar o avan\u00e7o da depend\u00eancia qu\u00edmica na cidade, a Prefeitura de Cabo Frio estuda a cria\u00e7\u00e3o de um benef\u00edcio fiscal no ISS, permitindo que parte da arrecada\u00e7\u00e3o do imposto seja destinada a um fundo de assist\u00eancia social. A proposta, apresentada em audi\u00eancia p\u00fablica no bairro Braga, visa garantir recursos para a manuten\u00e7\u00e3o de um [&hellip;]<\/p>\n","protected":false},"author":2,"featured_media":12774,"comment_status":"open","ping_status":"open","sticky":true,"template":"","format":"standard","meta":{"footnotes":""},"categories":[340],"tags":[1896],"class_list":["post-12773","post","type-post","status-publish","format-standard","has-post-thumbnail","hentry","category-cabo-frio","tag-destaque"],"_links":{"self":[{"href":"https:\/\/blogdodanielgalvao.com.br\/site\/wp-json\/wp\/v2\/posts\/12773","targetHints":{"allow":["GET"]}}],"collection":[{"href":"https:\/\/blogdodanielgalvao.com.br\/site\/wp-json\/wp\/v2\/posts"}],"about":[{"href":"https:\/\/blogdodanielgalvao.com.br\/site\/wp-json\/wp\/v2\/types\/post"}],"author":[{"embeddable":true,"href":"https:\/\/blogdodanielgalvao.com.br\/site\/wp-json\/wp\/v2\/users\/2"}],"replies":[{"embeddable":true,"href":"https:\/\/blogdodanielgalvao.com.br\/site\/wp-json\/wp\/v2\/comments?post=12773"}],"version-history":[{"count":1,"href":"https:\/\/blogdodanielgalvao.com.br\/site\/wp-json\/wp\/v2\/posts\/12773\/revisions"}],"predecessor-version":[{"id":12775,"href":"https:\/\/blogdodanielgalvao.com.br\/site\/wp-json\/wp\/v2\/posts\/12773\/revisions\/12775"}],"wp:featuredmedia":[{"embeddable":true,"href":"https:\/\/blogdodanielgalvao.com.br\/site\/wp-json\/wp\/v2\/media\/12774"}],"wp:attachment":[{"href":"https:\/\/blogdodanielgalvao.com.br\/site\/wp-json\/wp\/v2\/media?parent=12773"}],"wp:term":[{"taxonomy":"category","embeddable":true,"href":"https:\/\/blogdodanielgalvao.com.br\/site\/wp-json\/wp\/v2\/categories?post=12773"},{"taxonomy":"post_tag","embeddable":true,"href":"https:\/\/blogdodanielgalvao.com.br\/site\/wp-json\/wp\/v2\/tags?post=12773"}],"curies":[{"name":"wp","href":"https:\/\/api.w.org\/{rel}","templated":true}]}}