{"id":12762,"date":"2025-02-05T15:57:38","date_gmt":"2025-02-05T18:57:38","guid":{"rendered":"https:\/\/blogdodanielgalvao.com.br\/site\/?p=12762"},"modified":"2025-02-05T15:57:38","modified_gmt":"2025-02-05T18:57:38","slug":"claudio-mais-velho-foragido-desde-2021-e-capturado-em-cabo-frio-por-policiais-militares","status":"publish","type":"post","link":"https:\/\/blogdodanielgalvao.com.br\/site\/claudio-mais-velho-foragido-desde-2021-e-capturado-em-cabo-frio-por-policiais-militares\/","title":{"rendered":"Cl\u00e1udio \u201cMais Velho\u201d, foragido desde 2021, \u00e9 capturado em Cabo Frio por policiais militares"},"content":{"rendered":"<p>Cl\u00e1udio Ant\u00f4nio da Concei\u00e7\u00e3o, conhecido como \u201cMais Velho\u201d, foi preso na tarde desta ter\u00e7a-feira (4) em Cabo Frio por policiais militares do 25\u00ba BPM. O criminoso, de 57 anos, era considerado de alta periculosidade e estava foragido desde 2021, ap\u00f3s violar as condi\u00e7\u00f5es de seu regime aberto. Ele foi encontrado dormindo na praia da Avenida Litor\u00e2nea, no bairro Algodoal, ap\u00f3s uma den\u00fancia an\u00f4nima feita ao Disque Den\u00fancia.<\/p>\n<p>Inicialmente, a equipe policial estava verificando uma den\u00fancia de furto em um dep\u00f3sito de gelo, mas ao patrulharem a \u00e1rea, localizou o foragido. Ap\u00f3s consulta ao sistema da Pol\u00edcia, foi confirmado que ele possu\u00eda um mandado de pris\u00e3o em aberto, expedido pela Vara de Execu\u00e7\u00f5es Penais (VEP).<\/p>\n<p>Cl\u00e1udio Ant\u00f4nio estava cumprindo pena por tr\u00e1fico de drogas em regime de albergue domiciliar, mas n\u00e3o compareceu ao Patronato Magarinos Torres e violou o monitoramento eletr\u00f4nico. Desde novembro de 2021, ele era considerado evasor do sistema prisional.<\/p>\n<p>Ap\u00f3s a pris\u00e3o, ele foi conduzido \u00e0 126\u00aa DP (Cabo Frio) e agora ser\u00e1 transferido para uma unidade prisional da SEAP\/RJ, onde aguardar\u00e1 \u00e0 disposi\u00e7\u00e3o\u00a0da\u00a0Justi\u00e7a.<\/p>\n","protected":false},"excerpt":{"rendered":"<p>Cl\u00e1udio Ant\u00f4nio da Concei\u00e7\u00e3o, conhecido como \u201cMais Velho\u201d, foi preso na tarde desta ter\u00e7a-feira (4) em Cabo Frio por policiais militares do 25\u00ba BPM. O criminoso, de 57 anos, era considerado de alta periculosidade e estava foragido desde 2021, ap\u00f3s violar as condi\u00e7\u00f5es de seu regime aberto. Ele foi encontrado dormindo na praia da Avenida [&hellip;]<\/p>\n","protected":false},"author":2,"featured_media":12763,"comment_status":"open","ping_status":"open","sticky":true,"template":"","format":"standard","meta":{"footnotes":""},"categories":[340],"tags":[1896],"class_list":["post-12762","post","type-post","status-publish","format-standard","has-post-thumbnail","hentry","category-cabo-frio","tag-destaque"],"_links":{"self":[{"href":"https:\/\/blogdodanielgalvao.com.br\/site\/wp-json\/wp\/v2\/posts\/12762","targetHints":{"allow":["GET"]}}],"collection":[{"href":"https:\/\/blogdodanielgalvao.com.br\/site\/wp-json\/wp\/v2\/posts"}],"about":[{"href":"https:\/\/blogdodanielgalvao.com.br\/site\/wp-json\/wp\/v2\/types\/post"}],"author":[{"embeddable":true,"href":"https:\/\/blogdodanielgalvao.com.br\/site\/wp-json\/wp\/v2\/users\/2"}],"replies":[{"embeddable":true,"href":"https:\/\/blogdodanielgalvao.com.br\/site\/wp-json\/wp\/v2\/comments?post=12762"}],"version-history":[{"count":1,"href":"https:\/\/blogdodanielgalvao.com.br\/site\/wp-json\/wp\/v2\/posts\/12762\/revisions"}],"predecessor-version":[{"id":12764,"href":"https:\/\/blogdodanielgalvao.com.br\/site\/wp-json\/wp\/v2\/posts\/12762\/revisions\/12764"}],"wp:featuredmedia":[{"embeddable":true,"href":"https:\/\/blogdodanielgalvao.com.br\/site\/wp-json\/wp\/v2\/media\/12763"}],"wp:attachment":[{"href":"https:\/\/blogdodanielgalvao.com.br\/site\/wp-json\/wp\/v2\/media?parent=12762"}],"wp:term":[{"taxonomy":"category","embeddable":true,"href":"https:\/\/blogdodanielgalvao.com.br\/site\/wp-json\/wp\/v2\/categories?post=12762"},{"taxonomy":"post_tag","embeddable":true,"href":"https:\/\/blogdodanielgalvao.com.br\/site\/wp-json\/wp\/v2\/tags?post=12762"}],"curies":[{"name":"wp","href":"https:\/\/api.w.org\/{rel}","templated":true}]}}