{"id":12759,"date":"2025-02-05T15:51:36","date_gmt":"2025-02-05T18:51:36","guid":{"rendered":"https:\/\/blogdodanielgalvao.com.br\/site\/?p=12759"},"modified":"2025-02-05T15:51:36","modified_gmt":"2025-02-05T18:51:36","slug":"suspeito-e-preso-por-agredir-e-ameacar-de-morte-companheira-em-cabo-frio","status":"publish","type":"post","link":"https:\/\/blogdodanielgalvao.com.br\/site\/suspeito-e-preso-por-agredir-e-ameacar-de-morte-companheira-em-cabo-frio\/","title":{"rendered":"Suspeito \u00e9 preso por agredir e amea\u00e7ar de morte companheira em Cabo Frio"},"content":{"rendered":"<p>Agentes da Delegacia de Atendimento \u00e0 Mulher (Deam) de Cabo Frio realizaram a pris\u00e3o de um homem nesta segunda-feira (3) por agress\u00e3o e amea\u00e7a de morte contra sua companheira. A pris\u00e3o foi executada ap\u00f3s o cumprimento de um mandado de pris\u00e3o preventiva por les\u00e3o corporal.<\/p>\n<p>De acordo com a investiga\u00e7\u00e3o, uma das agress\u00f5es aconteceu quando o suspeito usou seu ve\u00edculo para arrastar a v\u00edtima, segurando seus cabelos na porta do carro. Al\u00e9m disso, ele teria cometido outras agress\u00f5es e proferido amea\u00e7as de morte \u00e0 mulher.<\/p>\n<p>A pris\u00e3o foi efetuada na comunidade da Sinagoga, localizada no distrito de Tamoios, onde o agressor foi encontrado. Sua identidade n\u00e3o foi divulgada.<\/p>\n<p>A Deam de Cabo Frio destaca a import\u00e2ncia da den\u00fancia de casos de viol\u00eancia dom\u00e9stica e lembra que oferece canais de apoio para a prote\u00e7\u00e3o das v\u00edtimas e combate\u00a0\u00e0\u00a0impunidade.<\/p>\n","protected":false},"excerpt":{"rendered":"<p>Agentes da Delegacia de Atendimento \u00e0 Mulher (Deam) de Cabo Frio realizaram a pris\u00e3o de um homem nesta segunda-feira (3) por agress\u00e3o e amea\u00e7a de morte contra sua companheira. A pris\u00e3o foi executada ap\u00f3s o cumprimento de um mandado de pris\u00e3o preventiva por les\u00e3o corporal. De acordo com a investiga\u00e7\u00e3o, uma das agress\u00f5es aconteceu quando [&hellip;]<\/p>\n","protected":false},"author":2,"featured_media":12760,"comment_status":"open","ping_status":"open","sticky":true,"template":"","format":"standard","meta":{"footnotes":""},"categories":[340],"tags":[1896],"class_list":["post-12759","post","type-post","status-publish","format-standard","has-post-thumbnail","hentry","category-cabo-frio","tag-destaque"],"_links":{"self":[{"href":"https:\/\/blogdodanielgalvao.com.br\/site\/wp-json\/wp\/v2\/posts\/12759","targetHints":{"allow":["GET"]}}],"collection":[{"href":"https:\/\/blogdodanielgalvao.com.br\/site\/wp-json\/wp\/v2\/posts"}],"about":[{"href":"https:\/\/blogdodanielgalvao.com.br\/site\/wp-json\/wp\/v2\/types\/post"}],"author":[{"embeddable":true,"href":"https:\/\/blogdodanielgalvao.com.br\/site\/wp-json\/wp\/v2\/users\/2"}],"replies":[{"embeddable":true,"href":"https:\/\/blogdodanielgalvao.com.br\/site\/wp-json\/wp\/v2\/comments?post=12759"}],"version-history":[{"count":1,"href":"https:\/\/blogdodanielgalvao.com.br\/site\/wp-json\/wp\/v2\/posts\/12759\/revisions"}],"predecessor-version":[{"id":12761,"href":"https:\/\/blogdodanielgalvao.com.br\/site\/wp-json\/wp\/v2\/posts\/12759\/revisions\/12761"}],"wp:featuredmedia":[{"embeddable":true,"href":"https:\/\/blogdodanielgalvao.com.br\/site\/wp-json\/wp\/v2\/media\/12760"}],"wp:attachment":[{"href":"https:\/\/blogdodanielgalvao.com.br\/site\/wp-json\/wp\/v2\/media?parent=12759"}],"wp:term":[{"taxonomy":"category","embeddable":true,"href":"https:\/\/blogdodanielgalvao.com.br\/site\/wp-json\/wp\/v2\/categories?post=12759"},{"taxonomy":"post_tag","embeddable":true,"href":"https:\/\/blogdodanielgalvao.com.br\/site\/wp-json\/wp\/v2\/tags?post=12759"}],"curies":[{"name":"wp","href":"https:\/\/api.w.org\/{rel}","templated":true}]}}