{"id":12755,"date":"2025-02-05T15:38:48","date_gmt":"2025-02-05T18:38:48","guid":{"rendered":"https:\/\/blogdodanielgalvao.com.br\/site\/?p=12755"},"modified":"2025-02-05T15:41:59","modified_gmt":"2025-02-05T18:41:59","slug":"abertura-da-temporada-2025-no-teatro-firjan-sesi-em-macae-sera-com-o-grupo-bigua-no-dia-14","status":"publish","type":"post","link":"https:\/\/blogdodanielgalvao.com.br\/site\/abertura-da-temporada-2025-no-teatro-firjan-sesi-em-macae-sera-com-o-grupo-bigua-no-dia-14\/","title":{"rendered":"Abertura da temporada 2025 no Teatro Firjan SESI em Maca\u00e9 ser\u00e1 com o Grupo Bigu\u00e1 no dia 14"},"content":{"rendered":"<p>A temporada 2025 do Teatro Firjan SESI ter\u00e1 o pontap\u00e9 inicial no pr\u00f3ximo dia 14 de fevereiro. Na ocasi\u00e3o, o espa\u00e7o estar\u00e1 recebendo show dos m\u00fasicos do Grupo Bigu\u00e1 em um tributo a Alcione. A programa\u00e7\u00e3o que abre a temporada cultural ter\u00e1 ainda pe\u00e7a de teatro adulto e infantil e show com o grupo Casuarina.<\/p>\n<p>Interessados em prestigiar a abertura da temporada 2025 j\u00e1 podem garantir o seu ingresso. Eles est\u00e3o sendo disponibilizados na unidade Firjan SESI Maca\u00e9 e na plataforma Sympla. O evento est\u00e1 marcado para \u00e0s 20h e os bilhetes est\u00e3o sendo comercializados a R$ 30,00 (inteira) e R$ 15,00 (meia).<\/p>\n<p>Al\u00e9m de abrir a temporada, o grupo Bigu\u00e1 tamb\u00e9m ir\u00e1 prestar uma homenagem \u00e0 Alcione, um \u00edcone da m\u00fasica popular brasileria. No show, que conta com a participa\u00e7\u00e3o das cantoras Madu Gomes e Rahayssa Mozzer, o Grupo vai destacar momentos inesquec\u00edveis para celebrar a vida e obra da lenda viva do samba.<\/p>\n<p>\u201cIniciar a temporada 2025 do teatro Firjan SESI com uma atra\u00e7\u00e3o local \u00e9 uma alegria. Colocar a estrutura de excel\u00eancia do espa\u00e7o para levar artistas renomados, local e nacionalmente, contribui para o fortalecimento do setor cultural, al\u00e9m de promover cultura diversa e acess\u00edvel, \u00e9 uma alternativa de excelente qualidade \u00e0 popula\u00e7\u00e3o\u201d, destaca o presidente da Firjan Norte Fluminense, Francisco Roberto de Siqueira.<\/p>\n<p>&nbsp;<\/p>\n<p>A programa\u00e7\u00e3o de fevereiro conta tamb\u00e9m com a apresenta\u00e7\u00e3o da pe\u00e7a de teatro adulto \u201cA Luta\u201d, no dia 21. H\u00e1 dois anos em turn\u00ea pelo pa\u00eds a pe\u00e7a \u00e9 um mon\u00f3logo com o ator Amaury Lorenzo, que se tornou nacionalmente conhecido em 2023, ao interpretar o personagem Ramiro na telenovela Terra e Paix\u00e3o, da TV Globo.<\/p>\n<p>Para o p\u00fablico infantil, o palco do teatro Firjan SESI recebe, no dia 22 de fevereiro, a pe\u00e7a \u201cDe F\u00e9rias No S\u00edtio\u201d, com o Centro Teatral e Etc e Tal, uma Pantomima Liter\u00e1ria (narra\u00e7\u00e3o simult\u00e2nea a a\u00e7\u00e3o em m\u00edmica) livre inspirada na obra de Jos\u00e9 Bento Monteiro Lobato que apresenta os personagens criados por um dos maiores escritores brasileiros de literatura infanto-juvenil. Na pe\u00e7a Pedrinho sai em f\u00e9rias e tem um \u00e1rduo caminho a percorrer at\u00e9 o S\u00edtio de sua av\u00f3, onde se envolve em hilariantes confus\u00f5es ao sair para uma ca\u00e7ada onde depara-se com o tem\u00edvel e arteiro Saci.<\/p>\n<p>Fechando a programa\u00e7\u00e3o do m\u00eas de fevereiro a banda Casuarina ocupa o palco celebrando 23 anos de estrada e promete promover uma viagem musical ao come\u00e7o de sua carreira, iniciada em 2001, com o seu mais recente trabalho, o \u00e1lbum \u201cRetrato\u201d que resgata a boa e velha pr\u00e1tica da pesquisa de repert\u00f3rio, redescobrindo sucessos esquecidos e p\u00e9rolas pouco exploradas por seus int\u00e9rpretes e autores originais.<\/p>\n<p>&nbsp;<\/p>\n<p>Programa\u00e7\u00e3o fevereiro teatro Firjan SESI Maca\u00e9:<\/p>\n<p>&nbsp;<\/p>\n<p>14\/02 \u2013 SEXTA \u2013 20h &#8211; Grupo Bigu\u00e1: Tributo a Alcione (M\u00fasica):\u00a0 https:\/\/bileto.sympla.com.br\/event\/102524<\/p>\n<p>21\/02 &#8211; SEXTA \u2013 20h &#8211; A Luta (Teatro Adulto): https:\/\/bileto.sympla.com.br\/event\/102545<\/p>\n<p>22\/02 &#8211; S\u00c1BADO \u2013 20h &#8211; De F\u00e9rias no S\u00edtio (Teatro Infantil):\u00a0 https:\/\/bileto.sympla.com.br\/event\/102541<\/p>\n<p>26\/02 &#8211; QUARTA \u2013 20h &#8211; Casuarina (M\u00fasica): https:\/\/bileto.sympla.com.br\/event\/102546<\/p>\n","protected":false},"excerpt":{"rendered":"<p>A temporada 2025 do Teatro Firjan SESI ter\u00e1 o pontap\u00e9 inicial no pr\u00f3ximo dia 14 de fevereiro. Na ocasi\u00e3o, o espa\u00e7o estar\u00e1 recebendo show dos m\u00fasicos do Grupo Bigu\u00e1 em um tributo a Alcione. A programa\u00e7\u00e3o que abre a temporada cultural ter\u00e1 ainda pe\u00e7a de teatro adulto e infantil e show com o grupo Casuarina. [&hellip;]<\/p>\n","protected":false},"author":2,"featured_media":12757,"comment_status":"open","ping_status":"open","sticky":false,"template":"","format":"standard","meta":{"footnotes":""},"categories":[2],"tags":[1896],"class_list":["post-12755","post","type-post","status-publish","format-standard","has-post-thumbnail","hentry","category-macae","tag-destaque"],"_links":{"self":[{"href":"https:\/\/blogdodanielgalvao.com.br\/site\/wp-json\/wp\/v2\/posts\/12755","targetHints":{"allow":["GET"]}}],"collection":[{"href":"https:\/\/blogdodanielgalvao.com.br\/site\/wp-json\/wp\/v2\/posts"}],"about":[{"href":"https:\/\/blogdodanielgalvao.com.br\/site\/wp-json\/wp\/v2\/types\/post"}],"author":[{"embeddable":true,"href":"https:\/\/blogdodanielgalvao.com.br\/site\/wp-json\/wp\/v2\/users\/2"}],"replies":[{"embeddable":true,"href":"https:\/\/blogdodanielgalvao.com.br\/site\/wp-json\/wp\/v2\/comments?post=12755"}],"version-history":[{"count":1,"href":"https:\/\/blogdodanielgalvao.com.br\/site\/wp-json\/wp\/v2\/posts\/12755\/revisions"}],"predecessor-version":[{"id":12758,"href":"https:\/\/blogdodanielgalvao.com.br\/site\/wp-json\/wp\/v2\/posts\/12755\/revisions\/12758"}],"wp:featuredmedia":[{"embeddable":true,"href":"https:\/\/blogdodanielgalvao.com.br\/site\/wp-json\/wp\/v2\/media\/12757"}],"wp:attachment":[{"href":"https:\/\/blogdodanielgalvao.com.br\/site\/wp-json\/wp\/v2\/media?parent=12755"}],"wp:term":[{"taxonomy":"category","embeddable":true,"href":"https:\/\/blogdodanielgalvao.com.br\/site\/wp-json\/wp\/v2\/categories?post=12755"},{"taxonomy":"post_tag","embeddable":true,"href":"https:\/\/blogdodanielgalvao.com.br\/site\/wp-json\/wp\/v2\/tags?post=12755"}],"curies":[{"name":"wp","href":"https:\/\/api.w.org\/{rel}","templated":true}]}}