{"id":12748,"date":"2025-02-05T14:38:07","date_gmt":"2025-02-05T17:38:07","guid":{"rendered":"https:\/\/blogdodanielgalvao.com.br\/site\/?p=12748"},"modified":"2025-02-05T14:38:07","modified_gmt":"2025-02-05T17:38:07","slug":"quissama-quer-ampliar-negocios-na-zen-e-fecha-acordo-com-guarana-macahe","status":"publish","type":"post","link":"https:\/\/blogdodanielgalvao.com.br\/site\/quissama-quer-ampliar-negocios-na-zen-e-fecha-acordo-com-guarana-macahe\/","title":{"rendered":"Quissam\u00e3 quer ampliar neg\u00f3cios na ZEN e fecha acordo com Guaran\u00e1 Macah\u00e9"},"content":{"rendered":"<p>Com o objetivo de fortalecer a economia e promover o desenvolvimento econ\u00f4mico do munic\u00edpio, a Prefeitura de Quissam\u00e3 assinou um contrato de concess\u00e3o de uso com a empresa Guaran\u00e1 Macah\u00e9. O acordo foi assinado na \u00faltima ter\u00e7a-feira (4) e deve gerar cerca de 30 empregos diretos e indiretos na cidade.<\/p>\n<p>O acordo entre as partes visa fortalecer a economia e faz parte do projeto \u201cQuissam\u00e3 Empreendedor\u201d. No contrato est\u00e1 prevista a instala\u00e7\u00e3o de uma f\u00e1brica do Guaran\u00e1 Macah\u00e9 na Zona Especial de Neg\u00f3cios (ZEN). A previs\u00e3o \u00e9 que a produ\u00e7\u00e3o seja iniciada j\u00e1 no segundo semestre deste ano.<\/p>\n<p>O prefeito Marcelo Batista falou sobre a import\u00e2ncia da parceria para essa nova fase de estrutura\u00e7\u00e3o e desenvolvimento da ZEN.<\/p>\n<p>\u201cA Prefeitura de Quissam\u00e3 reafirma o compromisso de seguir trabalhando para fortalecer a economia local, gerar empregos e proporcionar uma melhor qualidade de vida para a popula\u00e7\u00e3o. A parceria com a Guaran\u00e1 Macah\u00e9 \u00e9 um passo importante nessa dire\u00e7\u00e3o e representa um futuro promissor para o munic\u00edpio\u201d, afirmou.<\/p>\n<p>Tamb\u00e9m presente no encontro, o secret\u00e1rio de Desenvolvimento Econ\u00f4mico, Trabalho e Turismo, Arnaldo Mattoso ressaltou o compromisso da gest\u00e3o municipal em criar um ambiente favor\u00e1vel aos neg\u00f3cios e atrair investimentos para Quissam\u00e3.<\/p>\n<p>\u201cO projeto Quissam\u00e3 Empreendedor \u00e9 um esfor\u00e7o cont\u00ednuo para diversificar nossa economia e gerar novas oportunidades para os cidad\u00e3os. Acredito que a instala\u00e7\u00e3o da f\u00e1brica da Guaran\u00e1 Macah\u00e9 seja um exemplo do potencial de crescimento do nosso munic\u00edpio\u201d, declarou o secret\u00e1rio.<\/p>\n<p>Constantino Rodrigues, diretor da empresa, explicou os crit\u00e9rios que levaram \u00e0 escolha de Quissam\u00e3 como base para a nova unidade.<\/p>\n<p>\u201cO programa Quissam\u00e3 Empreendedor apresenta atrativos que resultaram na escolha da ZEN como ponto de instala\u00e7\u00e3o da unidade, al\u00e9m da qualidade da \u00e1gua e da log\u00edstica para o escoamento da produ\u00e7\u00e3o. Estamos dispostos a trabalhar em conjunto com o munic\u00edpio para construir um futuro pr\u00f3spero para todos\u201d, destacou.<\/p>\n<p>O acordo entre as partes foi assinado no gabinete do prefeito Marcelo Batista. Tamb\u00e9m esteve presente no encontro o subsecret\u00e1rio Joilson Gomes Junior, al\u00e9m dos al\u00e9m dos diretores da empresa: Constantino Rodrigues, Manoel Rodrigues e Fernanda Besada.<\/p>\n","protected":false},"excerpt":{"rendered":"<p>Com o objetivo de fortalecer a economia e promover o desenvolvimento econ\u00f4mico do munic\u00edpio, a Prefeitura de Quissam\u00e3 assinou um contrato de concess\u00e3o de uso com a empresa Guaran\u00e1 Macah\u00e9. O acordo foi assinado na \u00faltima ter\u00e7a-feira (4) e deve gerar cerca de 30 empregos diretos e indiretos na cidade. O acordo entre as partes [&hellip;]<\/p>\n","protected":false},"author":2,"featured_media":12749,"comment_status":"open","ping_status":"open","sticky":true,"template":"","format":"standard","meta":{"footnotes":""},"categories":[5],"tags":[1896],"class_list":["post-12748","post","type-post","status-publish","format-standard","has-post-thumbnail","hentry","category-quissama","tag-destaque"],"_links":{"self":[{"href":"https:\/\/blogdodanielgalvao.com.br\/site\/wp-json\/wp\/v2\/posts\/12748","targetHints":{"allow":["GET"]}}],"collection":[{"href":"https:\/\/blogdodanielgalvao.com.br\/site\/wp-json\/wp\/v2\/posts"}],"about":[{"href":"https:\/\/blogdodanielgalvao.com.br\/site\/wp-json\/wp\/v2\/types\/post"}],"author":[{"embeddable":true,"href":"https:\/\/blogdodanielgalvao.com.br\/site\/wp-json\/wp\/v2\/users\/2"}],"replies":[{"embeddable":true,"href":"https:\/\/blogdodanielgalvao.com.br\/site\/wp-json\/wp\/v2\/comments?post=12748"}],"version-history":[{"count":1,"href":"https:\/\/blogdodanielgalvao.com.br\/site\/wp-json\/wp\/v2\/posts\/12748\/revisions"}],"predecessor-version":[{"id":12750,"href":"https:\/\/blogdodanielgalvao.com.br\/site\/wp-json\/wp\/v2\/posts\/12748\/revisions\/12750"}],"wp:featuredmedia":[{"embeddable":true,"href":"https:\/\/blogdodanielgalvao.com.br\/site\/wp-json\/wp\/v2\/media\/12749"}],"wp:attachment":[{"href":"https:\/\/blogdodanielgalvao.com.br\/site\/wp-json\/wp\/v2\/media?parent=12748"}],"wp:term":[{"taxonomy":"category","embeddable":true,"href":"https:\/\/blogdodanielgalvao.com.br\/site\/wp-json\/wp\/v2\/categories?post=12748"},{"taxonomy":"post_tag","embeddable":true,"href":"https:\/\/blogdodanielgalvao.com.br\/site\/wp-json\/wp\/v2\/tags?post=12748"}],"curies":[{"name":"wp","href":"https:\/\/api.w.org\/{rel}","templated":true}]}}