{"id":12739,"date":"2025-02-05T13:39:04","date_gmt":"2025-02-05T16:39:04","guid":{"rendered":"https:\/\/blogdodanielgalvao.com.br\/site\/?p=12739"},"modified":"2025-02-05T13:39:04","modified_gmt":"2025-02-05T16:39:04","slug":"carlos-augusto-marca-presenca-em-eleicao-da-alerj-e-comemora-promessa-de-mais-atencao-com-interior","status":"publish","type":"post","link":"https:\/\/blogdodanielgalvao.com.br\/site\/carlos-augusto-marca-presenca-em-eleicao-da-alerj-e-comemora-promessa-de-mais-atencao-com-interior\/","title":{"rendered":"Carlos Augusto marca presen\u00e7a em elei\u00e7\u00e3o da Alerj e comemora promessa de mais aten\u00e7\u00e3o com interior"},"content":{"rendered":"<p>Depois de marcar presen\u00e7a na elei\u00e7\u00e3o da mesa diretora da Assembleia Legislativa do Estado do Rio (Alerj),\u00a0nessa\u00a0segunda-feira, 3, o prefeito de Rio das Ostras, Carlos Augusto (PL), voltou a usar as redes sociais\u00a0nessa\u00a0semana para comemorar a vit\u00f3ria do campista Rodrigo Bacellar (UNI\u00c3O), reeleito presidente da Casa.<\/p>\n<p>Mais do que isso, Carlos Augusto celebrou tamb\u00e9m o ele considera um esp\u00edrito de uni\u00e3o entre os 71 parlamentares, que resolveram a elei\u00e7\u00e3o com chapa \u00fanica e vota\u00e7\u00e3o un\u00e2nime, com \u201csim\u201d de todos os deputados estaduais fluminense, sem exce\u00e7\u00f5es.<\/p>\n<p>\u201cPrimeiro quero parabenizar a todos os deputados pelo consenso de uma chapa \u00fanica. Isso \u00e9 muito importante para o Estado do Rio de Janeiro. Eu, como prefeito de Rio das Ostras, o interior do Estado precisa muito de um parlamento unido para n\u00f3s possamos apoiar nosso governador e levar direitos para moradores, tanto do interior quanto da capital. \u00c9 fazer um Rio de Janeiro cada vez mais forte\u201d, afirmou ele, em v\u00eddeo.<\/p>\n<p>Al\u00e9m disso, o prefeito de Rio das Ostras comentou uma fala importante do novo presidente da Alerj, que assegurou que ter\u00e1 um olhar para todos os 92 munic\u00edpios do Estado, em especial para o interior fluminense.<\/p>\n<p>\u201cJ\u00e1 nos pr\u00f3ximos dias, eu quero desde j\u00e1 e pedir o apoio de todos os deputados porque farei isso, n\u00e3o s\u00f3 pela obriga\u00e7\u00e3o constitucional de cuidar de cada munic\u00edpio que comp\u00f5em o Estado do Rio de Janeiro, independente se o prefeito apoiou ou n\u00e3o o governo, mas para fortalecer os mandatos de vossas excel\u00eancias, e a maioria vem da representatividade do interior. Vamos percorrer todos os munic\u00edpios do Estado, levando o parlamento aos munic\u00edpios de todas as regi\u00f5es, ouvindo, aprendendo, e trazendo a plen\u00e1rio projetos que contemplem os interesses reais de mais de 16 milh\u00f5es de habitantes do Estado\u201d, prometeu Rodrigo Bacellar.<\/p>\n<p>Segundo Carlos Augusto, o discurso do deputado estadual campista refor\u00e7a a necessidade de um olhar mais dedicado da Alerj e de seus deputados para as cidades do interior, principalmente em \u00e1reas consideradas priorit\u00e1rias, como sa\u00fade e seguran\u00e7a.<\/p>\n<p>\u201cEsse alinhamento entre os poderes \u00e9 fundamental para que possamos levar mais qualidade de vida para a nossa popula\u00e7\u00e3o. Seguimos firmes, buscando sempre o melhor para Rio das Ostras e para todo o interior do Estado!\u201d, completou.<\/p>\n","protected":false},"excerpt":{"rendered":"<p>Depois de marcar presen\u00e7a na elei\u00e7\u00e3o da mesa diretora da Assembleia Legislativa do Estado do Rio (Alerj),\u00a0nessa\u00a0segunda-feira, 3, o prefeito de Rio das Ostras, Carlos Augusto (PL), voltou a usar as redes sociais\u00a0nessa\u00a0semana para comemorar a vit\u00f3ria do campista Rodrigo Bacellar (UNI\u00c3O), reeleito presidente da Casa. Mais do que isso, Carlos Augusto celebrou tamb\u00e9m o [&hellip;]<\/p>\n","protected":false},"author":2,"featured_media":12743,"comment_status":"open","ping_status":"open","sticky":true,"template":"","format":"standard","meta":{"footnotes":""},"categories":[1881],"tags":[76],"class_list":["post-12739","post","type-post","status-publish","format-standard","has-post-thumbnail","hentry","category-politica","tag-rio-das-ostras"],"_links":{"self":[{"href":"https:\/\/blogdodanielgalvao.com.br\/site\/wp-json\/wp\/v2\/posts\/12739","targetHints":{"allow":["GET"]}}],"collection":[{"href":"https:\/\/blogdodanielgalvao.com.br\/site\/wp-json\/wp\/v2\/posts"}],"about":[{"href":"https:\/\/blogdodanielgalvao.com.br\/site\/wp-json\/wp\/v2\/types\/post"}],"author":[{"embeddable":true,"href":"https:\/\/blogdodanielgalvao.com.br\/site\/wp-json\/wp\/v2\/users\/2"}],"replies":[{"embeddable":true,"href":"https:\/\/blogdodanielgalvao.com.br\/site\/wp-json\/wp\/v2\/comments?post=12739"}],"version-history":[{"count":1,"href":"https:\/\/blogdodanielgalvao.com.br\/site\/wp-json\/wp\/v2\/posts\/12739\/revisions"}],"predecessor-version":[{"id":12744,"href":"https:\/\/blogdodanielgalvao.com.br\/site\/wp-json\/wp\/v2\/posts\/12739\/revisions\/12744"}],"wp:featuredmedia":[{"embeddable":true,"href":"https:\/\/blogdodanielgalvao.com.br\/site\/wp-json\/wp\/v2\/media\/12743"}],"wp:attachment":[{"href":"https:\/\/blogdodanielgalvao.com.br\/site\/wp-json\/wp\/v2\/media?parent=12739"}],"wp:term":[{"taxonomy":"category","embeddable":true,"href":"https:\/\/blogdodanielgalvao.com.br\/site\/wp-json\/wp\/v2\/categories?post=12739"},{"taxonomy":"post_tag","embeddable":true,"href":"https:\/\/blogdodanielgalvao.com.br\/site\/wp-json\/wp\/v2\/tags?post=12739"}],"curies":[{"name":"wp","href":"https:\/\/api.w.org\/{rel}","templated":true}]}}