{"id":12737,"date":"2025-02-05T13:34:05","date_gmt":"2025-02-05T16:34:05","guid":{"rendered":"https:\/\/blogdodanielgalvao.com.br\/site\/?p=12737"},"modified":"2025-02-05T13:34:05","modified_gmt":"2025-02-05T16:34:05","slug":"cabo-frio-infraestrutura-e-turismo-sao-prioridades-no-novo-plano-para-tamoios","status":"publish","type":"post","link":"https:\/\/blogdodanielgalvao.com.br\/site\/cabo-frio-infraestrutura-e-turismo-sao-prioridades-no-novo-plano-para-tamoios\/","title":{"rendered":"Cabo Frio: Infraestrutura e turismo s\u00e3o prioridades no novo plano para Tamoios"},"content":{"rendered":"<p>A Prefeitura de Cabo Frio reafirmou seu compromisso com o desenvolvimento sustent\u00e1vel da regi\u00e3o, destacando a\u00e7\u00f5es concretas para solucionar problemas estruturais e promover melhorias para a popula\u00e7\u00e3o. Em visita ao segundo distrito, Tamoios, acompanhado por toda a equipe de secret\u00e1rios respons\u00e1veis, o prefeito garantiu que o trabalho ser\u00e1 realizado com compromisso e resultados efetivos.<\/p>\n<p>Um dos principais desafios a serem enfrentados \u00e9 a remo\u00e7\u00e3o de uma obra irregular, constru\u00edda sem licenciamento ambiental e marcada por desvios de dinheiro p\u00fablico e pagamentos antecipados acima do executado na gest\u00e3o anterior. Segundo o prefeito, toda a estrutura ser\u00e1 desmontada antes do carnaval, garantindo o cumprimento das normas legais e a corre\u00e7\u00e3o dos erros passados.<\/p>\n<p>No entanto, as a\u00e7\u00f5es n\u00e3o se limitam \u00e0 corre\u00e7\u00e3o de irregularidades. A partir do dia 10, ter\u00e1 in\u00edcio a moderniza\u00e7\u00e3o da ilumina\u00e7\u00e3o da Rodovia Amaral Peixoto, com a substitui\u00e7\u00e3o dos postes e a instala\u00e7\u00e3o de l\u00e2mpadas de LED, garantindo mais seguran\u00e7a e efici\u00eancia energ\u00e9tica. J\u00e1 no bairro Nova Calif\u00f3rnia, uma for\u00e7a-tarefa ser\u00e1 mobilizada para servi\u00e7os de limpeza, tapa-buracos e resolu\u00e7\u00e3o de problemas estruturais, melhorando a qualidade de vida dos moradores.<\/p>\n<p>O prefeito tamb\u00e9m anunciou um projeto ambicioso para impulsionar o turismo e a economia local. A equipe de arquitetura j\u00e1 trabalha no desenvolvimento de um novo espa\u00e7o que valorizar\u00e1 o setor tur\u00edstico e gastron\u00f4mico da regi\u00e3o, al\u00e9m da cria\u00e7\u00e3o de um entreposto de pesca moderno. A iniciativa beneficiar\u00e1 moradores, pescadores e visitantes, fortalecendo a economia local e criando novas oportunidades.<\/p>\n<p>Outro investimento essencial ser\u00e1 a requalifica\u00e7\u00e3o do asfalto da Rodovia Amaral Peixoto. Em parceria com o Governo do Estado, a prefeitura substituir\u00e1 todo o pavimento, melhorando a mobilidade urbana e reduzindo os \u00edndices de acidentes na regi\u00e3o.<\/p>\n<p>Com essas medidas, a administra\u00e7\u00e3o municipal refor\u00e7a seu compromisso com a popula\u00e7\u00e3o, garantindo respeito, dignidade e um futuro mais promissor\u00a0para\u00a0Tamoios.<\/p>\n","protected":false},"excerpt":{"rendered":"<p>A Prefeitura de Cabo Frio reafirmou seu compromisso com o desenvolvimento sustent\u00e1vel da regi\u00e3o, destacando a\u00e7\u00f5es concretas para solucionar problemas estruturais e promover melhorias para a popula\u00e7\u00e3o. Em visita ao segundo distrito, Tamoios, acompanhado por toda a equipe de secret\u00e1rios respons\u00e1veis, o prefeito garantiu que o trabalho ser\u00e1 realizado com compromisso e resultados efetivos. Um [&hellip;]<\/p>\n","protected":false},"author":2,"featured_media":12740,"comment_status":"open","ping_status":"open","sticky":true,"template":"","format":"standard","meta":{"footnotes":""},"categories":[340],"tags":[1896],"class_list":["post-12737","post","type-post","status-publish","format-standard","has-post-thumbnail","hentry","category-cabo-frio","tag-destaque"],"_links":{"self":[{"href":"https:\/\/blogdodanielgalvao.com.br\/site\/wp-json\/wp\/v2\/posts\/12737","targetHints":{"allow":["GET"]}}],"collection":[{"href":"https:\/\/blogdodanielgalvao.com.br\/site\/wp-json\/wp\/v2\/posts"}],"about":[{"href":"https:\/\/blogdodanielgalvao.com.br\/site\/wp-json\/wp\/v2\/types\/post"}],"author":[{"embeddable":true,"href":"https:\/\/blogdodanielgalvao.com.br\/site\/wp-json\/wp\/v2\/users\/2"}],"replies":[{"embeddable":true,"href":"https:\/\/blogdodanielgalvao.com.br\/site\/wp-json\/wp\/v2\/comments?post=12737"}],"version-history":[{"count":1,"href":"https:\/\/blogdodanielgalvao.com.br\/site\/wp-json\/wp\/v2\/posts\/12737\/revisions"}],"predecessor-version":[{"id":12741,"href":"https:\/\/blogdodanielgalvao.com.br\/site\/wp-json\/wp\/v2\/posts\/12737\/revisions\/12741"}],"wp:featuredmedia":[{"embeddable":true,"href":"https:\/\/blogdodanielgalvao.com.br\/site\/wp-json\/wp\/v2\/media\/12740"}],"wp:attachment":[{"href":"https:\/\/blogdodanielgalvao.com.br\/site\/wp-json\/wp\/v2\/media?parent=12737"}],"wp:term":[{"taxonomy":"category","embeddable":true,"href":"https:\/\/blogdodanielgalvao.com.br\/site\/wp-json\/wp\/v2\/categories?post=12737"},{"taxonomy":"post_tag","embeddable":true,"href":"https:\/\/blogdodanielgalvao.com.br\/site\/wp-json\/wp\/v2\/tags?post=12737"}],"curies":[{"name":"wp","href":"https:\/\/api.w.org\/{rel}","templated":true}]}}