{"id":12725,"date":"2025-02-05T11:54:42","date_gmt":"2025-02-05T14:54:42","guid":{"rendered":"https:\/\/blogdodanielgalvao.com.br\/site\/?p=12725"},"modified":"2025-02-05T11:54:42","modified_gmt":"2025-02-05T14:54:42","slug":"cameras-de-marica-flagram-animal-considerado-extinto-no-litoral-ha-mais-de-1-seculo","status":"publish","type":"post","link":"https:\/\/blogdodanielgalvao.com.br\/site\/cameras-de-marica-flagram-animal-considerado-extinto-no-litoral-ha-mais-de-1-seculo\/","title":{"rendered":"C\u00e2meras de Maric\u00e1 flagram animal considerado extinto no litoral h\u00e1 mais de 1 s\u00e9culo"},"content":{"rendered":"<p>O Programa de Monitoramento da Fauna Silvestre de Maric\u00e1 (Mofama) flagrou mais uma apari\u00e7\u00e3o de on\u00e7a-parda (Puma concolor) no Ref\u00fagio de Vida Silvestre Municipal (Revis), no Espraiado, no \u00faltimo m\u00eas de janeiro.<\/p>\n<p>Segundo a prefeitura, o registro do animal, de aproximadamente 2 anos de idade, foi o 4\u00ba no munic\u00edpio, desde 2021, de uma esp\u00e9cie considerada extinta h\u00e1 mais de 1 s\u00e9culo na \u00e1rea litor\u00e2nea do Estado do Rio.<\/p>\n<p>O 1\u00ba registro da uma on\u00e7a-parda no Revis foi feito em setembro de 2021, com o 2\u00ba registro em outubro de 2023, mas a esp\u00e9cie foi flagrada em outros locais do munic\u00edpio, em fevereiro e abril de 2024, respectivamente em numa propriedade rural de Ponta Negra, e em uma \u00e1rea de mata a 4 quil\u00f4metros (km) da sede do Revis.<\/p>\n<p>As apari\u00e7\u00f5es s\u00e3o consideradas muito importantes porque as on\u00e7as-pardas s\u00e3o uma esp\u00e9cie amea\u00e7ada de extin\u00e7\u00e3o, presente na lista vermelha da Uni\u00e3o Internacional para a Conserva\u00e7\u00e3o da Natureza (UICN), e considerada vulner\u00e1vel pelo Instituto Chico Mendes de Conserva\u00e7\u00e3o da Biodiversidade (ICMBio).<\/p>\n<p>\u201cO registro de uma nova on\u00e7a-parda em nosso Ref\u00fagio de Vida Silvestre \u00e9 um marco para a biodiversidade e refor\u00e7a nosso compromisso com a preserva\u00e7\u00e3o, monitoramento e educa\u00e7\u00e3o ambiental, contando sempre com o apoio da comunidade para proteger nossa riqueza natural\u201d, afirmou o secret\u00e1rio de Meio Ambiente e Sustentabilidade de Maric\u00e1, Helter Ferreira.<\/p>\n<p>De acordo com o munic\u00edpio, os animais t\u00eam sido flagrados gra\u00e7as \u00e0s chamadas \u201carmadilhas fotogr\u00e1ficas\u201d, instaladas nos troncos das \u00e1rvores em pontos estrat\u00e9gicos do Revis e vistoriadas uma vez no m\u00eas, dependendo da sequ\u00eancia do disparo.<\/p>\n<p>A prefeitura ressalta ainda que, em 2023, o Mofama recebeu c\u00e2meras cedidas pelo projeto On\u00e7as Urbanas, uma coopera\u00e7\u00e3o t\u00e9cnica entre o Instituto de Biologia da Universidade Federal do Rio de Janeiro (UFRJ), o BioParque do Rio, e o Projeto Aventura Animal, coordenado pelo bi\u00f3logo Izar Aximofi.<\/p>\n<p>Nos \u00faltimos anos, os equipamentos j\u00e1 capturaram imagens de gamb\u00e1s (Didelphis), cu\u00edcas (Metachirus nudicaudatus), caxinguel\u00eas (Sciurus aestuans) e quatis (Nasua nasua), al\u00e9m de outros felinos silvestres como gatos-maracaj\u00e1s (Leopardus Wiedii), gatos-mouriscos (Puma yagouaroundi), jaguatiricas (Leopardus pardalis) e as pr\u00f3prias on\u00e7as-pardas.<\/p>\n<p>\u201cO trabalho consiste no monitoramento da fauna e no incentivo \u00e0 educa\u00e7\u00e3o ambiental com a comunidade do entorno. O projeto On\u00e7as Urbanas atua ainda em Niter\u00f3i e no Rio de Janeiro, que s\u00e3o as 3 cidades litor\u00e2neas da Regi\u00e3o Metropolitana\u201d, explica o munic\u00edpio.<\/p>\n<p>Segundo Izar Aximofi, tamb\u00e9m foram flagrados outros mam\u00edferos terrestres de m\u00e9dio e grande porte, incluindo esp\u00e9cies amea\u00e7adas de extin\u00e7\u00e3o como lobo-guar\u00e1 (Chrysocyon brachyurus) e paca (Cuniculus paca), al\u00e9m dos felinos silvestres.<\/p>\n<p>\u201cTodas essas esp\u00e9cies n\u00e3o s\u00e3o mais encontradas, por exemplo, no Parque Nacional da Tijuca, outra unidade de conserva\u00e7\u00e3o urbana pr\u00f3ximo \u00e0 Costa na Regi\u00e3o Metropolitana. Isso revela a import\u00e2ncia do Revis para a conserva\u00e7\u00e3o de mam\u00edferos da Mata Atl\u00e2ntica\u201d, avaliou o bi\u00f3logo.<\/p>\n","protected":false},"excerpt":{"rendered":"<p>O Programa de Monitoramento da Fauna Silvestre de Maric\u00e1 (Mofama) flagrou mais uma apari\u00e7\u00e3o de on\u00e7a-parda (Puma concolor) no Ref\u00fagio de Vida Silvestre Municipal (Revis), no Espraiado, no \u00faltimo m\u00eas de janeiro. Segundo a prefeitura, o registro do animal, de aproximadamente 2 anos de idade, foi o 4\u00ba no munic\u00edpio, desde 2021, de uma esp\u00e9cie [&hellip;]<\/p>\n","protected":false},"author":2,"featured_media":12726,"comment_status":"open","ping_status":"open","sticky":false,"template":"","format":"standard","meta":{"footnotes":""},"categories":[299],"tags":[1896],"class_list":["post-12725","post","type-post","status-publish","format-standard","has-post-thumbnail","hentry","category-marica","tag-destaque"],"_links":{"self":[{"href":"https:\/\/blogdodanielgalvao.com.br\/site\/wp-json\/wp\/v2\/posts\/12725","targetHints":{"allow":["GET"]}}],"collection":[{"href":"https:\/\/blogdodanielgalvao.com.br\/site\/wp-json\/wp\/v2\/posts"}],"about":[{"href":"https:\/\/blogdodanielgalvao.com.br\/site\/wp-json\/wp\/v2\/types\/post"}],"author":[{"embeddable":true,"href":"https:\/\/blogdodanielgalvao.com.br\/site\/wp-json\/wp\/v2\/users\/2"}],"replies":[{"embeddable":true,"href":"https:\/\/blogdodanielgalvao.com.br\/site\/wp-json\/wp\/v2\/comments?post=12725"}],"version-history":[{"count":1,"href":"https:\/\/blogdodanielgalvao.com.br\/site\/wp-json\/wp\/v2\/posts\/12725\/revisions"}],"predecessor-version":[{"id":12727,"href":"https:\/\/blogdodanielgalvao.com.br\/site\/wp-json\/wp\/v2\/posts\/12725\/revisions\/12727"}],"wp:featuredmedia":[{"embeddable":true,"href":"https:\/\/blogdodanielgalvao.com.br\/site\/wp-json\/wp\/v2\/media\/12726"}],"wp:attachment":[{"href":"https:\/\/blogdodanielgalvao.com.br\/site\/wp-json\/wp\/v2\/media?parent=12725"}],"wp:term":[{"taxonomy":"category","embeddable":true,"href":"https:\/\/blogdodanielgalvao.com.br\/site\/wp-json\/wp\/v2\/categories?post=12725"},{"taxonomy":"post_tag","embeddable":true,"href":"https:\/\/blogdodanielgalvao.com.br\/site\/wp-json\/wp\/v2\/tags?post=12725"}],"curies":[{"name":"wp","href":"https:\/\/api.w.org\/{rel}","templated":true}]}}