{"id":12722,"date":"2025-02-05T11:39:20","date_gmt":"2025-02-05T14:39:20","guid":{"rendered":"https:\/\/blogdodanielgalvao.com.br\/site\/?p=12722"},"modified":"2025-02-05T11:39:20","modified_gmt":"2025-02-05T14:39:20","slug":"programa-capacit-mulher-2025-capacita-servidores-de-cabo-frio-em-politicas-publicas-para-mulheres","status":"publish","type":"post","link":"https:\/\/blogdodanielgalvao.com.br\/site\/programa-capacit-mulher-2025-capacita-servidores-de-cabo-frio-em-politicas-publicas-para-mulheres\/","title":{"rendered":"Programa Capacit Mulher 2025 capacita servidores de Cabo Frio em pol\u00edticas p\u00fablicas para mulheres"},"content":{"rendered":"<p>Cabo Frio est\u00e1 entre os 92 munic\u00edpios que participam da iniciativa de qualifica\u00e7\u00e3o para servidores que atuam nas pol\u00edticas p\u00fablicas voltadas \u00e0s mulheres.<\/p>\n<p>A Prefeitura de Cabo Frio, por meio da Secretaria-Adjunta de Pol\u00edticas P\u00fablicas da Mulher, marcou presen\u00e7a nesta ter\u00e7a-feira (4) no lan\u00e7amento do programa Capacit Mulher 2025. A iniciativa, promovida pelo Governo do Estado em parceria com a Universidade Est\u00e1cio de S\u00e1, visa capacitar servidores municipais que atuam na \u00e1rea de atendimento \u00e0 mulher. O evento ocorreu no campus da universidade, no Maracan\u00e3, e contou com a presen\u00e7a da primeira-dama do Estado, Analine Castro, e da secret\u00e1ria de Estado da Mulher, Heloisa Aguiar.<\/p>\n<p>O programa oferece capacita\u00e7\u00e3o online, com 160 horas de conte\u00fado distribu\u00eddas em tr\u00eas m\u00f3dulos, al\u00e9m de tr\u00eas encontros presenciais. Seu objetivo \u00e9 fortalecer a rede de atendimento \u00e0s mulheres em todos os 92 munic\u00edpios do estado, garantindo um servi\u00e7o mais qualificado e humanizado.<\/p>\n<p>\u201cA capacita\u00e7\u00e3o da nossa equipe \u00e9 fundamental para expandir o atendimento e refor\u00e7ar a rede de apoio \u00e0s mulheres. Valorizamos a participa\u00e7\u00e3o de servidores comprometidos com a miss\u00e3o de tornar nosso trabalho mais eficiente e acolhedor\u201d, afirmou a secret\u00e1ria-adjunta de Pol\u00edticas P\u00fablicas da Mulher, B\u00e1rbara\u00a0Caetano.<\/p>\n","protected":false},"excerpt":{"rendered":"<p>Cabo Frio est\u00e1 entre os 92 munic\u00edpios que participam da iniciativa de qualifica\u00e7\u00e3o para servidores que atuam nas pol\u00edticas p\u00fablicas voltadas \u00e0s mulheres. A Prefeitura de Cabo Frio, por meio da Secretaria-Adjunta de Pol\u00edticas P\u00fablicas da Mulher, marcou presen\u00e7a nesta ter\u00e7a-feira (4) no lan\u00e7amento do programa Capacit Mulher 2025. A iniciativa, promovida pelo Governo do [&hellip;]<\/p>\n","protected":false},"author":2,"featured_media":12723,"comment_status":"open","ping_status":"open","sticky":false,"template":"","format":"standard","meta":{"footnotes":""},"categories":[340],"tags":[1896],"class_list":["post-12722","post","type-post","status-publish","format-standard","has-post-thumbnail","hentry","category-cabo-frio","tag-destaque"],"_links":{"self":[{"href":"https:\/\/blogdodanielgalvao.com.br\/site\/wp-json\/wp\/v2\/posts\/12722","targetHints":{"allow":["GET"]}}],"collection":[{"href":"https:\/\/blogdodanielgalvao.com.br\/site\/wp-json\/wp\/v2\/posts"}],"about":[{"href":"https:\/\/blogdodanielgalvao.com.br\/site\/wp-json\/wp\/v2\/types\/post"}],"author":[{"embeddable":true,"href":"https:\/\/blogdodanielgalvao.com.br\/site\/wp-json\/wp\/v2\/users\/2"}],"replies":[{"embeddable":true,"href":"https:\/\/blogdodanielgalvao.com.br\/site\/wp-json\/wp\/v2\/comments?post=12722"}],"version-history":[{"count":1,"href":"https:\/\/blogdodanielgalvao.com.br\/site\/wp-json\/wp\/v2\/posts\/12722\/revisions"}],"predecessor-version":[{"id":12724,"href":"https:\/\/blogdodanielgalvao.com.br\/site\/wp-json\/wp\/v2\/posts\/12722\/revisions\/12724"}],"wp:featuredmedia":[{"embeddable":true,"href":"https:\/\/blogdodanielgalvao.com.br\/site\/wp-json\/wp\/v2\/media\/12723"}],"wp:attachment":[{"href":"https:\/\/blogdodanielgalvao.com.br\/site\/wp-json\/wp\/v2\/media?parent=12722"}],"wp:term":[{"taxonomy":"category","embeddable":true,"href":"https:\/\/blogdodanielgalvao.com.br\/site\/wp-json\/wp\/v2\/categories?post=12722"},{"taxonomy":"post_tag","embeddable":true,"href":"https:\/\/blogdodanielgalvao.com.br\/site\/wp-json\/wp\/v2\/tags?post=12722"}],"curies":[{"name":"wp","href":"https:\/\/api.w.org\/{rel}","templated":true}]}}