{"id":12373,"date":"2025-01-30T16:13:10","date_gmt":"2025-01-30T19:13:10","guid":{"rendered":"https:\/\/blogdodanielgalvao.com.br\/site\/?p=12373"},"modified":"2025-01-30T16:13:10","modified_gmt":"2025-01-30T19:13:10","slug":"com-foco-no-trabalho-uniao-de-marica-quer-espantar-acusacoes-para-fazer-bonito-na-passarela","status":"publish","type":"post","link":"https:\/\/blogdodanielgalvao.com.br\/site\/com-foco-no-trabalho-uniao-de-marica-quer-espantar-acusacoes-para-fazer-bonito-na-passarela\/","title":{"rendered":"Com foco no trabalho, Uni\u00e3o de Maric\u00e1 quer espantar acusa\u00e7\u00f5es para fazer bonito na passarela"},"content":{"rendered":"<p>Alvo de pol\u00eamicas depois que o Portal LeoDias divulgou um suposto favorecimento para o acesso da escola ao Grupo Especial do Carnaval do Rio, a Uni\u00e3o de Maric\u00e1, que repudiou veementemente as acusa\u00e7\u00f5es, segue trabalhando para que a conquista in\u00e9dita venha exclusivamente na passarela.<\/p>\n<p>E para isso, a escola, que, nesse ano de 2025, vai desfilar pela 2\u00aa vez pela S\u00e9rie Ouro, o antigo Grupo de Acesso, aposta no core\u00f3grafo Patrick Carvalho, que tentar superar a apresenta\u00e7\u00e3o de 2024, al\u00e9m do carnavalesco Leandro Vieira, da Imperatriz Leopoldinense.<\/p>\n<p>Na ocasi\u00e3o, que valeu o t\u00edtulo da S\u00e9rie Prata, os componentes sambavam sobre um elemento cenogr\u00e1fico em forma de pandeiro, rendendo \u00e0 Comiss\u00e3o de Frente da escola mais de 10 pr\u00eamios no ano passado.<\/p>\n<p>\u201cEsse ano a gente vem com um enredo que \u00e9 a cara do carnavalesco Leandro Vieira. Viajar em cima de uma cria\u00e7\u00e3o do Leandro para essa Comiss\u00e3o de Frente \u00e9 muito especial. Quando a gente entra com aquela Comiss\u00e3o de Frente, o ch\u00e3o esquenta para a comunidade pisar e impulsionar o canto forte. \u00c9 um espet\u00e1culo \u00e0 parte\u201d, comentou Patrick Carvalho, que ensaia com 15 bailarinos.<\/p>\n<p>Com o enredo \u201cO Cavalo de Sant\u00edssimo e a Coroa do Seu 7\u201d, a Uni\u00e3o de Maric\u00e1 homenageia \u00e0 m\u00e3e de santo Cacilda de Assis, e \u00e0 figura de Seu 7 da Lira, um exu festeiro e musical da umbanda carioca, que fez hist\u00f3ria nas d\u00e9cadas de 1970 e 1980.<\/p>\n<p>Segundo a escola, que tem apoio da prefeitura e ser\u00e1 a 6\u00aa a desfilar no dia 28 de fevereiro, a proposta \u00e9 destacar as tradi\u00e7\u00f5es da Umbanda e conectar a escola \u00e0s ra\u00edzes do Carnaval do Rio para fazer uma grande apresenta\u00e7\u00e3o na Marqu\u00eas de Sapuca\u00ed.<\/p>\n<p>\u201cSe superar \u00e9 sempre muito dif\u00edcil, mas o enredo \u00e9 muito bom, a estrutura da escola \u00e9 muito boa para a gente trabalhar em cima dos nossos sonhos, das nossas cria\u00e7\u00f5es e das nossas vontades. Para conquistar esse t\u00edtulo, teremos uma Comiss\u00e3o de Frente, mais uma vez, fant\u00e1stica\u201d, declarou Patrick Carvalho.<\/p>\n<p>Para essa sexta-feira, 31 de janeiro, a Uni\u00e3o de Maric\u00e1, que ser\u00e1 composta por 1.600 componentes, distribu\u00eddos em 18 alas, com 3 carros aleg\u00f3ricos, tem programado mais um ensaio na rua, que promete agitar a cidade.<\/p>\n<p>At\u00e9 o dia do desfile, no pr\u00f3ximo dia 28 de fevereiro, a escola prev\u00ea a realiza\u00e7\u00e3o de mais 4 ensaios, sendo mais 3 em Maric\u00e1, nos dias 7, 14 e 21 de fevereiro, e 1 na Marqu\u00eas de Sapuca\u00ed, no pr\u00f3ximo dia 9 de fevereiro.<\/p>\n","protected":false},"excerpt":{"rendered":"<p>Alvo de pol\u00eamicas depois que o Portal LeoDias divulgou um suposto favorecimento para o acesso da escola ao Grupo Especial do Carnaval do Rio, a Uni\u00e3o de Maric\u00e1, que repudiou veementemente as acusa\u00e7\u00f5es, segue trabalhando para que a conquista in\u00e9dita venha exclusivamente na passarela. E para isso, a escola, que, nesse ano de 2025, vai [&hellip;]<\/p>\n","protected":false},"author":2,"featured_media":12374,"comment_status":"open","ping_status":"open","sticky":false,"template":"","format":"standard","meta":{"footnotes":""},"categories":[299],"tags":[1896],"class_list":["post-12373","post","type-post","status-publish","format-standard","has-post-thumbnail","hentry","category-marica","tag-destaque"],"_links":{"self":[{"href":"https:\/\/blogdodanielgalvao.com.br\/site\/wp-json\/wp\/v2\/posts\/12373","targetHints":{"allow":["GET"]}}],"collection":[{"href":"https:\/\/blogdodanielgalvao.com.br\/site\/wp-json\/wp\/v2\/posts"}],"about":[{"href":"https:\/\/blogdodanielgalvao.com.br\/site\/wp-json\/wp\/v2\/types\/post"}],"author":[{"embeddable":true,"href":"https:\/\/blogdodanielgalvao.com.br\/site\/wp-json\/wp\/v2\/users\/2"}],"replies":[{"embeddable":true,"href":"https:\/\/blogdodanielgalvao.com.br\/site\/wp-json\/wp\/v2\/comments?post=12373"}],"version-history":[{"count":1,"href":"https:\/\/blogdodanielgalvao.com.br\/site\/wp-json\/wp\/v2\/posts\/12373\/revisions"}],"predecessor-version":[{"id":12375,"href":"https:\/\/blogdodanielgalvao.com.br\/site\/wp-json\/wp\/v2\/posts\/12373\/revisions\/12375"}],"wp:featuredmedia":[{"embeddable":true,"href":"https:\/\/blogdodanielgalvao.com.br\/site\/wp-json\/wp\/v2\/media\/12374"}],"wp:attachment":[{"href":"https:\/\/blogdodanielgalvao.com.br\/site\/wp-json\/wp\/v2\/media?parent=12373"}],"wp:term":[{"taxonomy":"category","embeddable":true,"href":"https:\/\/blogdodanielgalvao.com.br\/site\/wp-json\/wp\/v2\/categories?post=12373"},{"taxonomy":"post_tag","embeddable":true,"href":"https:\/\/blogdodanielgalvao.com.br\/site\/wp-json\/wp\/v2\/tags?post=12373"}],"curies":[{"name":"wp","href":"https:\/\/api.w.org\/{rel}","templated":true}]}}