{"id":12337,"date":"2025-01-30T12:09:04","date_gmt":"2025-01-30T15:09:04","guid":{"rendered":"https:\/\/blogdodanielgalvao.com.br\/site\/?p=12337"},"modified":"2025-01-30T12:09:04","modified_gmt":"2025-01-30T15:09:04","slug":"lanchonete-de-cabo-frio-e-interditada-por-problemas-sanitarios-e-falta-de-organizacao","status":"publish","type":"post","link":"https:\/\/blogdodanielgalvao.com.br\/site\/lanchonete-de-cabo-frio-e-interditada-por-problemas-sanitarios-e-falta-de-organizacao\/","title":{"rendered":"Lanchonete de Cabo Frio \u00e9 interditada por problemas sanit\u00e1rios e falta de organiza\u00e7\u00e3o"},"content":{"rendered":"<p>Uma lanchonete localizada no bairro Itajuru, em Cabo Frio, foi interditada pela Prefeitura na tarde desta quarta-feira (29), ap\u00f3s diversas reclama\u00e7\u00f5es de moradores sobre ru\u00eddos excessivos, aglomera\u00e7\u00e3o noturna e a suspeita de uma cozinha clandestina no local. A a\u00e7\u00e3o foi conduzida pelas equipes das secretarias de Meio Ambiente, Saneamento e Clima, Seguran\u00e7a e Ordem P\u00fablica, com apoio da ROMU (Rondas Ostensivas Municipais) e da Vigil\u00e2ncia Sanit\u00e1ria.<\/p>\n<p>Durante a fiscaliza\u00e7\u00e3o, foram identificadas v\u00e1rias irregularidades sanit\u00e1rias, como armazenamento inadequado de alimentos, produtos vencidos e esgoto exposto. Entre os itens encontrados, estavam presunto, frango e carne mo\u00edda sem refrigera\u00e7\u00e3o adequada, al\u00e9m de um ambiente sujo e infesta\u00e7\u00e3o de moscas.<\/p>\n<p>A lanchonete tamb\u00e9m foi flagrante descumpridora do C\u00f3digo de Posturas do munic\u00edpio, que limita o hor\u00e1rio de funcionamento do estabelecimento at\u00e9 meia-noite de segunda a s\u00e1bado e at\u00e9 as 22h aos domingos. A interdi\u00e7\u00e3o ser\u00e1 mantida at\u00e9 que as condi\u00e7\u00f5es de higiene e seguran\u00e7a sejam regularizadas.<\/p>\n","protected":false},"excerpt":{"rendered":"<p>Uma lanchonete localizada no bairro Itajuru, em Cabo Frio, foi interditada pela Prefeitura na tarde desta quarta-feira (29), ap\u00f3s diversas reclama\u00e7\u00f5es de moradores sobre ru\u00eddos excessivos, aglomera\u00e7\u00e3o noturna e a suspeita de uma cozinha clandestina no local. A a\u00e7\u00e3o foi conduzida pelas equipes das secretarias de Meio Ambiente, Saneamento e Clima, Seguran\u00e7a e Ordem P\u00fablica, [&hellip;]<\/p>\n","protected":false},"author":2,"featured_media":12338,"comment_status":"open","ping_status":"open","sticky":false,"template":"","format":"standard","meta":{"footnotes":""},"categories":[340],"tags":[2174],"class_list":["post-12337","post","type-post","status-publish","format-standard","has-post-thumbnail","hentry","category-cabo-frio","tag-lanchonete-de-cabo-frio-e-interditada"],"_links":{"self":[{"href":"https:\/\/blogdodanielgalvao.com.br\/site\/wp-json\/wp\/v2\/posts\/12337","targetHints":{"allow":["GET"]}}],"collection":[{"href":"https:\/\/blogdodanielgalvao.com.br\/site\/wp-json\/wp\/v2\/posts"}],"about":[{"href":"https:\/\/blogdodanielgalvao.com.br\/site\/wp-json\/wp\/v2\/types\/post"}],"author":[{"embeddable":true,"href":"https:\/\/blogdodanielgalvao.com.br\/site\/wp-json\/wp\/v2\/users\/2"}],"replies":[{"embeddable":true,"href":"https:\/\/blogdodanielgalvao.com.br\/site\/wp-json\/wp\/v2\/comments?post=12337"}],"version-history":[{"count":1,"href":"https:\/\/blogdodanielgalvao.com.br\/site\/wp-json\/wp\/v2\/posts\/12337\/revisions"}],"predecessor-version":[{"id":12339,"href":"https:\/\/blogdodanielgalvao.com.br\/site\/wp-json\/wp\/v2\/posts\/12337\/revisions\/12339"}],"wp:featuredmedia":[{"embeddable":true,"href":"https:\/\/blogdodanielgalvao.com.br\/site\/wp-json\/wp\/v2\/media\/12338"}],"wp:attachment":[{"href":"https:\/\/blogdodanielgalvao.com.br\/site\/wp-json\/wp\/v2\/media?parent=12337"}],"wp:term":[{"taxonomy":"category","embeddable":true,"href":"https:\/\/blogdodanielgalvao.com.br\/site\/wp-json\/wp\/v2\/categories?post=12337"},{"taxonomy":"post_tag","embeddable":true,"href":"https:\/\/blogdodanielgalvao.com.br\/site\/wp-json\/wp\/v2\/tags?post=12337"}],"curies":[{"name":"wp","href":"https:\/\/api.w.org\/{rel}","templated":true}]}}