{"id":1216,"date":"2018-01-12T07:47:49","date_gmt":"2018-01-12T09:47:49","guid":{"rendered":"http:\/\/blogdodanielgalvao.com.br\/site\/?p=1216"},"modified":"2018-01-12T07:47:49","modified_gmt":"2018-01-12T09:47:49","slug":"atletas-lamentam-cancelamento-do-fest-verao-mas-vereadores-preferem-esperar-volta-do-recesso-para-cobrar-explicacoes-de-secretario-e-sub","status":"publish","type":"post","link":"https:\/\/blogdodanielgalvao.com.br\/site\/atletas-lamentam-cancelamento-do-fest-verao-mas-vereadores-preferem-esperar-volta-do-recesso-para-cobrar-explicacoes-de-secretario-e-sub\/","title":{"rendered":"Atletas lamentam cancelamento do Fest Ver\u00e3o, mas vereadores preferem esperar volta do recesso para cobrar explica\u00e7\u00f5es de secret\u00e1rio e sub"},"content":{"rendered":"<p>O recesso parlamentar s\u00f3 deve acabar em meados de fevereiro, ou seja, daqui mais de um m\u00eas. E s\u00f3 ent\u00e3o a C\u00e2mara de Maca\u00e9 vai se posicionar ou mesmo cobrar explica\u00e7\u00f5es do secret\u00e1rio de Esportes, Aquilles Vieira, e do sub, Marcos Junior, sobre as den\u00fancias de &#8216;caixinha&#8217; com dinheiro de sal\u00e1rios de assessores.<\/p>\n<p>Isso, claro, no que depender de Marvel Maillet (REDE) e Alan Mansur (PRB). Apesar de integrarem bancadas diferentes (oposi\u00e7\u00e3o e situa\u00e7\u00e3o), ambos tem liga\u00e7\u00e3o com o esporte: o primeiro \u00e9 lutador, professor de jiu jitsu e dono de academia; j\u00e1 o segundo \u00e9 presidente da Comiss\u00e3o de Esportes do Legislativo.<\/p>\n<p>Em contato com o Blog, ambos preferiram uma postura cautelosa quanto \u00e0s graves den\u00fancias feitas por uma servidora que teve o \u00e1udio de uma conversa divulgado pelas redes sociais na semana passada. Como desdobramento, o Governo cancelou o Fest Ver\u00e3o que seria realizado a partir deste pr\u00f3ximo fim de semana.<\/p>\n<p>Apesar de ser oposi\u00e7\u00e3o ao Governo, Marvel \u00e9 apontado como o &#8216;pai&#8217; da indica\u00e7\u00e3o de Aquilles. Al\u00e9m disso, Marcos Junior foi um dos apoiadores de sua campanha para a C\u00e2mara. J\u00e1 Alan faz parte da bancada de situa\u00e7\u00e3o e prefere esperar um m\u00eas para se posicionar no assunto.<\/p>\n<figure id=\"attachment_1219\" aria-describedby=\"caption-attachment-1219\" style=\"width: 480px\" class=\"wp-caption aligncenter\"><img loading=\"lazy\" decoding=\"async\" class=\"wp-image-1219 size-full\" src=\"https:\/\/blogdodanielgalvao.com.br\/site\/wp-content\/uploads\/2018\/01\/image-33-e1515750434508.jpeg\" alt=\"\" width=\"480\" height=\"573\" \/><figcaption id=\"caption-attachment-1219\" class=\"wp-caption-text\">Marvel e Alan: vereadores ligados ao esporte<\/figcaption><\/figure>\n<p>&nbsp;<\/p>\n<h3>Reclama\u00e7\u00f5es se multiplicam<\/h3>\n<p>Enquanto isso, atletas lamentam que o principal evento esportivo do munic\u00edpio seja cancelado por problemas na gest\u00e3o da secretaria. &#8220;Hoje infelizmente Maca\u00e9 n\u00e3o tem apoio nenhum do Governo voltado para o esporte uma vez que o gin\u00e1sio j\u00e1 caiu, o est\u00e1dio ele lavou as m\u00e3os entregando a administra\u00e7\u00e3o do Maca\u00e9 e agora cancelando o Fest Ver\u00e3o. Triste&#8221;, resumiu Gladstone Silva, atleta de futev\u00f4lei.<\/p>\n<p>&#8220;Maca\u00e9 est\u00e1 passando por uma crise em tudo. Infelizmente a administra\u00e7\u00e3o n\u00e3o gosta de eventos culturais e esportivos. O esporte macaense est\u00e1 acabando, incentivo \u00e9 zero. Estou totalmente decepcionado&#8221;, frisou o jogador de Handebol de Areia, Luiz Eduardo Tavares.<\/p>\n<p>Em menos de um ano \u00e0 frente da pasta, a nova gest\u00e3o coleciona pol\u00eamicas. Antes da acusa\u00e7\u00e3o da &#8216;caixinha&#8217; e do cancelamento do Fest Ver\u00e3o, secret\u00e1rio e sub j\u00e1 tiveram que prestar esclarecimentos aos vereadores em plen\u00e1rio sobre supostas irregularidades na escolha de beneficiados com o Bolsa Atleta.<\/p>\n","protected":false},"excerpt":{"rendered":"<p>O recesso parlamentar s\u00f3 deve acabar em meados de fevereiro, ou seja, daqui mais de um m\u00eas. E s\u00f3 ent\u00e3o a C\u00e2mara de Maca\u00e9 vai se posicionar ou mesmo cobrar explica\u00e7\u00f5es do secret\u00e1rio de Esportes, Aquilles Vieira, e do sub, Marcos Junior, sobre as den\u00fancias de &#8216;caixinha&#8217; com dinheiro de sal\u00e1rios de assessores. Isso, claro, [&hellip;]<\/p>\n","protected":false},"author":2,"featured_media":1218,"comment_status":"open","ping_status":"open","sticky":false,"template":"","format":"standard","meta":{"footnotes":""},"categories":[60,9,14,2,1],"tags":[459,453,419,420,417,18,452],"class_list":["post-1216","post","type-post","status-publish","format-standard","has-post-thumbnail","hentry","category-brasil","category-estado","category-geral","category-macae","category-sem-categoria","tag-alan-mansur","tag-aquilles-vieira","tag-caixinha","tag-fest-verao","tag-marcos-junior","tag-marvell","tag-secretaria-de-esportes"],"_links":{"self":[{"href":"https:\/\/blogdodanielgalvao.com.br\/site\/wp-json\/wp\/v2\/posts\/1216","targetHints":{"allow":["GET"]}}],"collection":[{"href":"https:\/\/blogdodanielgalvao.com.br\/site\/wp-json\/wp\/v2\/posts"}],"about":[{"href":"https:\/\/blogdodanielgalvao.com.br\/site\/wp-json\/wp\/v2\/types\/post"}],"author":[{"embeddable":true,"href":"https:\/\/blogdodanielgalvao.com.br\/site\/wp-json\/wp\/v2\/users\/2"}],"replies":[{"embeddable":true,"href":"https:\/\/blogdodanielgalvao.com.br\/site\/wp-json\/wp\/v2\/comments?post=1216"}],"version-history":[{"count":1,"href":"https:\/\/blogdodanielgalvao.com.br\/site\/wp-json\/wp\/v2\/posts\/1216\/revisions"}],"predecessor-version":[{"id":1220,"href":"https:\/\/blogdodanielgalvao.com.br\/site\/wp-json\/wp\/v2\/posts\/1216\/revisions\/1220"}],"wp:featuredmedia":[{"embeddable":true,"href":"https:\/\/blogdodanielgalvao.com.br\/site\/wp-json\/wp\/v2\/media\/1218"}],"wp:attachment":[{"href":"https:\/\/blogdodanielgalvao.com.br\/site\/wp-json\/wp\/v2\/media?parent=1216"}],"wp:term":[{"taxonomy":"category","embeddable":true,"href":"https:\/\/blogdodanielgalvao.com.br\/site\/wp-json\/wp\/v2\/categories?post=1216"},{"taxonomy":"post_tag","embeddable":true,"href":"https:\/\/blogdodanielgalvao.com.br\/site\/wp-json\/wp\/v2\/tags?post=1216"}],"curies":[{"name":"wp","href":"https:\/\/api.w.org\/{rel}","templated":true}]}}