{"id":11996,"date":"2025-01-24T18:57:14","date_gmt":"2025-01-24T21:57:14","guid":{"rendered":"https:\/\/blogdodanielgalvao.com.br\/site\/?p=11996"},"modified":"2025-01-24T18:58:09","modified_gmt":"2025-01-24T21:58:09","slug":"arraial-do-cabo-comemora-40-anos-com-eventos-que-prometem-encantar-moradores-e-turistas","status":"publish","type":"post","link":"https:\/\/blogdodanielgalvao.com.br\/site\/arraial-do-cabo-comemora-40-anos-com-eventos-que-prometem-encantar-moradores-e-turistas\/","title":{"rendered":"Arraial do Cabo comemora 40 anos com eventos que prometem encantar moradores e turistas"},"content":{"rendered":"<p>Em maio deste ano, Arraial do Cabo completar\u00e1 40 anos de emancipa\u00e7\u00e3o pol\u00edtico-administrativa, e a data ser\u00e1 marcada por uma s\u00e9rie de eventos que prometem destacar o melhor da cidade. A celebra\u00e7\u00e3o j\u00e1 come\u00e7ou em grande estilo com o maior R\u00e9veillon da Regi\u00e3o dos Lagos e segue embalada pelo Janeiro Musical, que trouxe shows e muita m\u00fasica para o ver\u00e3o cabista.<br \/>\nA Prefeitura de Arraial do Cabo preparou um calend\u00e1rio especial repleto de atra\u00e7\u00f5es, incluindo o Festival do Torresmo, o Celebra Arraial, a Expo Arraial, o LiterArraial e a Parada do Orgulho. Al\u00e9m disso, outras surpresas est\u00e3o sendo planejadas para tornar esse anivers\u00e1rio inesquec\u00edvel, refor\u00e7ando o encanto e a tradi\u00e7\u00e3o do munic\u00edpio.<br \/>\n\u201cEsse ano \u00e9 especial para todos n\u00f3s. Preparamos uma programa\u00e7\u00e3o diversificada para mostrar o melhor de Arraial do Cabo e oferecer momentos \u00fanicos para moradores e turistas. Queremos que todos se apaixonem ainda mais pelo nosso para\u00edso\u201d, destacou a organiza\u00e7\u00e3o.<br \/>\nEm breve, a Prefeitura divulgar\u00e1 mais detalhes sobre os eventos nas redes sociais oficiais. Para os cabistas e visitantes, a expectativa \u00e9 de muita festa, cultura e divers\u00e3o ao longo de 2025.<br \/>\nAcompanhe e fa\u00e7a parte dessa celebra\u00e7\u00e3o hist\u00f3rica!<\/p>\n","protected":false},"excerpt":{"rendered":"<p>Em maio deste ano, Arraial do Cabo completar\u00e1 40 anos de emancipa\u00e7\u00e3o pol\u00edtico-administrativa, e a data ser\u00e1 marcada por uma s\u00e9rie de eventos que prometem destacar o melhor da cidade. A celebra\u00e7\u00e3o j\u00e1 come\u00e7ou em grande estilo com o maior R\u00e9veillon da Regi\u00e3o dos Lagos e segue embalada pelo Janeiro Musical, que trouxe shows e [&hellip;]<\/p>\n","protected":false},"author":2,"featured_media":11997,"comment_status":"open","ping_status":"open","sticky":false,"template":"","format":"standard","meta":{"footnotes":""},"categories":[838],"tags":[1896,2078],"class_list":["post-11996","post","type-post","status-publish","format-standard","has-post-thumbnail","hentry","category-arraial-do-cabo","tag-destaque","tag-festivais-e-cultura-marcam-os-40-anos-de-arraial-do-cabo-em-2025"],"_links":{"self":[{"href":"https:\/\/blogdodanielgalvao.com.br\/site\/wp-json\/wp\/v2\/posts\/11996","targetHints":{"allow":["GET"]}}],"collection":[{"href":"https:\/\/blogdodanielgalvao.com.br\/site\/wp-json\/wp\/v2\/posts"}],"about":[{"href":"https:\/\/blogdodanielgalvao.com.br\/site\/wp-json\/wp\/v2\/types\/post"}],"author":[{"embeddable":true,"href":"https:\/\/blogdodanielgalvao.com.br\/site\/wp-json\/wp\/v2\/users\/2"}],"replies":[{"embeddable":true,"href":"https:\/\/blogdodanielgalvao.com.br\/site\/wp-json\/wp\/v2\/comments?post=11996"}],"version-history":[{"count":1,"href":"https:\/\/blogdodanielgalvao.com.br\/site\/wp-json\/wp\/v2\/posts\/11996\/revisions"}],"predecessor-version":[{"id":11998,"href":"https:\/\/blogdodanielgalvao.com.br\/site\/wp-json\/wp\/v2\/posts\/11996\/revisions\/11998"}],"wp:featuredmedia":[{"embeddable":true,"href":"https:\/\/blogdodanielgalvao.com.br\/site\/wp-json\/wp\/v2\/media\/11997"}],"wp:attachment":[{"href":"https:\/\/blogdodanielgalvao.com.br\/site\/wp-json\/wp\/v2\/media?parent=11996"}],"wp:term":[{"taxonomy":"category","embeddable":true,"href":"https:\/\/blogdodanielgalvao.com.br\/site\/wp-json\/wp\/v2\/categories?post=11996"},{"taxonomy":"post_tag","embeddable":true,"href":"https:\/\/blogdodanielgalvao.com.br\/site\/wp-json\/wp\/v2\/tags?post=11996"}],"curies":[{"name":"wp","href":"https:\/\/api.w.org\/{rel}","templated":true}]}}