{"id":11989,"date":"2025-01-24T18:42:03","date_gmt":"2025-01-24T21:42:03","guid":{"rendered":"https:\/\/blogdodanielgalvao.com.br\/site\/?p=11989"},"modified":"2025-01-24T18:46:12","modified_gmt":"2025-01-24T21:46:12","slug":"programa-de-tv-em-praia-de-marica-vai-ao-ar-na-manha-desse-sabado-25","status":"publish","type":"post","link":"https:\/\/blogdodanielgalvao.com.br\/site\/programa-de-tv-em-praia-de-marica-vai-ao-ar-na-manha-desse-sabado-25\/","title":{"rendered":"Programa de TV em praia de Maric\u00e1 vai ao ar na manh\u00e3 desse s\u00e1bado, 25"},"content":{"rendered":"<p>O litoral de Maric\u00e1, mais precisamente a Praia do Recanto de Itaipua\u00e7u, ser\u00e1 tema do programa Ver\u00e3o InterTV que vai ao ar nesse s\u00e1bado, 25, \u00e0s 11h45, antes do RJTV, com muita divers\u00e3o e brincadeiras com os banhistas.<\/p>\n<p>Apresentado pela jornalista Alyssa Gomes, o programa, que percorre o litoral, destacando a beleza e as boas energias das praias da regi\u00e3o, foi gravado no in\u00edcio do m\u00eas, com muitas atra\u00e7\u00f5es e muita alegria.<\/p>\n<p>Al\u00e9m de entrevistas com os participantes, o programa conta ainda com atividades como corrida de saco na areia, torneio de castelos de areia, surfe maluco, e competi\u00e7\u00f5es de dan\u00e7a na areia e de futebol de areia, com muitos brindes.<\/p>\n<p>Nas redes sociais, a Prefeitura de Maric\u00e1 comemorou a edi\u00e7\u00e3o do programa na cidade, ressaltando a import\u00e2ncia da visibilidade da cidade que trabalha, cada vez mais, para se consolidar no cen\u00e1rio do turismo nacional e internacional.<\/p>\n<p>\u201cNossas praias j\u00e1 encantam turistas de todo o Brasil e agora s\u00e3o cen\u00e1rio da temporada 2025 do Ver\u00e3o InterTV!\u00a0Com sol, mar e muita alegria, o programa percorre nossas orlas, destacando toda a beleza e a energia de nossas praias. Maric\u00e1 \u00e9 natureza, \u00e9 ver\u00e3o, \u00e9 turismo brasileiro em alta! Se voc\u00ea ainda n\u00e3o conhece, t\u00e1 esperando o qu\u00ea? Hidrate-se, passe o protetor e venha curtir a cidade onde o ver\u00e3o acontece o ano inteiro\u201d, publicou a prefeitura, nas redes sociais.<\/p>\n","protected":false},"excerpt":{"rendered":"<p>O litoral de Maric\u00e1, mais precisamente a Praia do Recanto de Itaipua\u00e7u, ser\u00e1 tema do programa Ver\u00e3o InterTV que vai ao ar nesse s\u00e1bado, 25, \u00e0s 11h45, antes do RJTV, com muita divers\u00e3o e brincadeiras com os banhistas. Apresentado pela jornalista Alyssa Gomes, o programa, que percorre o litoral, destacando a beleza e as boas [&hellip;]<\/p>\n","protected":false},"author":2,"featured_media":11990,"comment_status":"open","ping_status":"open","sticky":false,"template":"","format":"standard","meta":{"footnotes":""},"categories":[299],"tags":[1896,2077],"class_list":["post-11989","post","type-post","status-publish","format-standard","has-post-thumbnail","hentry","category-marica","tag-destaque","tag-programa-de-tv-em-praia-de-marica-vai-ao-ar-na-manha-desse-sabado"],"_links":{"self":[{"href":"https:\/\/blogdodanielgalvao.com.br\/site\/wp-json\/wp\/v2\/posts\/11989","targetHints":{"allow":["GET"]}}],"collection":[{"href":"https:\/\/blogdodanielgalvao.com.br\/site\/wp-json\/wp\/v2\/posts"}],"about":[{"href":"https:\/\/blogdodanielgalvao.com.br\/site\/wp-json\/wp\/v2\/types\/post"}],"author":[{"embeddable":true,"href":"https:\/\/blogdodanielgalvao.com.br\/site\/wp-json\/wp\/v2\/users\/2"}],"replies":[{"embeddable":true,"href":"https:\/\/blogdodanielgalvao.com.br\/site\/wp-json\/wp\/v2\/comments?post=11989"}],"version-history":[{"count":1,"href":"https:\/\/blogdodanielgalvao.com.br\/site\/wp-json\/wp\/v2\/posts\/11989\/revisions"}],"predecessor-version":[{"id":11991,"href":"https:\/\/blogdodanielgalvao.com.br\/site\/wp-json\/wp\/v2\/posts\/11989\/revisions\/11991"}],"wp:featuredmedia":[{"embeddable":true,"href":"https:\/\/blogdodanielgalvao.com.br\/site\/wp-json\/wp\/v2\/media\/11990"}],"wp:attachment":[{"href":"https:\/\/blogdodanielgalvao.com.br\/site\/wp-json\/wp\/v2\/media?parent=11989"}],"wp:term":[{"taxonomy":"category","embeddable":true,"href":"https:\/\/blogdodanielgalvao.com.br\/site\/wp-json\/wp\/v2\/categories?post=11989"},{"taxonomy":"post_tag","embeddable":true,"href":"https:\/\/blogdodanielgalvao.com.br\/site\/wp-json\/wp\/v2\/tags?post=11989"}],"curies":[{"name":"wp","href":"https:\/\/api.w.org\/{rel}","templated":true}]}}