{"id":11100,"date":"2024-12-23T16:18:35","date_gmt":"2024-12-23T19:18:35","guid":{"rendered":"https:\/\/blogdodanielgalvao.com.br\/site\/?p=11100"},"modified":"2025-01-06T16:36:32","modified_gmt":"2025-01-06T19:36:32","slug":"defesa-civil-alerta-sobre-os-riscos-do-acumulado-das-chuvas-na-regiao-serrana","status":"publish","type":"post","link":"https:\/\/blogdodanielgalvao.com.br\/site\/defesa-civil-alerta-sobre-os-riscos-do-acumulado-das-chuvas-na-regiao-serrana\/","title":{"rendered":"Defesa Civil alerta sobre os riscos do acumulado das chuvas na regi\u00e3o serrana"},"content":{"rendered":"<p>A Defesa Civil de Maca\u00e9 alerta a popula\u00e7\u00e3o da regi\u00e3o serrana sobre os riscos do volume de chuva. Nas \u00faltimas 24h o acumulado chegou a cerca de 100 mil\u00edmetros, o que contribuiu para o encharcamento do solo e as chances de deslizamento.<\/p>\n<p>Equipes da Defesa Civil realizam o monitoramento e a orienta\u00e7\u00e3o \u00e9 para que os moradores estejam atentos a sinais como pequenas rachaduras em barrancos. Em caso de emerg\u00eancia, o plant\u00e3o \u00e9 de 24h.<\/p>\n<p>O contato com a Defesa Civil \u00e9 pelo telefone 199 ou whatsapp (22) 99103-4275. J\u00e1 o Corpo de Bombeiros atende pelo 193.<\/p>\n","protected":false},"excerpt":{"rendered":"<p>A Defesa Civil de Maca\u00e9 alerta a popula\u00e7\u00e3o da regi\u00e3o serrana sobre os riscos do volume de chuva. Nas \u00faltimas 24h o acumulado chegou a cerca de 100 mil\u00edmetros, o que contribuiu para o encharcamento do solo e as chances de deslizamento. Equipes da Defesa Civil realizam o monitoramento e a orienta\u00e7\u00e3o \u00e9 para que [&hellip;]<\/p>\n","protected":false},"author":2,"featured_media":11102,"comment_status":"open","ping_status":"open","sticky":true,"template":"","format":"standard","meta":{"footnotes":""},"categories":[208,1453,1472,9,14,2,299,1466,1462],"tags":[],"class_list":["post-11100","post","type-post","status-publish","format-standard","has-post-thumbnail","hentry","category-araruama","category-coronavirus","category-economia","category-estado","category-geral","category-macae","category-marica","category-meio-ambiente","category-tce"],"_links":{"self":[{"href":"https:\/\/blogdodanielgalvao.com.br\/site\/wp-json\/wp\/v2\/posts\/11100","targetHints":{"allow":["GET"]}}],"collection":[{"href":"https:\/\/blogdodanielgalvao.com.br\/site\/wp-json\/wp\/v2\/posts"}],"about":[{"href":"https:\/\/blogdodanielgalvao.com.br\/site\/wp-json\/wp\/v2\/types\/post"}],"author":[{"embeddable":true,"href":"https:\/\/blogdodanielgalvao.com.br\/site\/wp-json\/wp\/v2\/users\/2"}],"replies":[{"embeddable":true,"href":"https:\/\/blogdodanielgalvao.com.br\/site\/wp-json\/wp\/v2\/comments?post=11100"}],"version-history":[{"count":1,"href":"https:\/\/blogdodanielgalvao.com.br\/site\/wp-json\/wp\/v2\/posts\/11100\/revisions"}],"predecessor-version":[{"id":11103,"href":"https:\/\/blogdodanielgalvao.com.br\/site\/wp-json\/wp\/v2\/posts\/11100\/revisions\/11103"}],"wp:featuredmedia":[{"embeddable":true,"href":"https:\/\/blogdodanielgalvao.com.br\/site\/wp-json\/wp\/v2\/media\/11102"}],"wp:attachment":[{"href":"https:\/\/blogdodanielgalvao.com.br\/site\/wp-json\/wp\/v2\/media?parent=11100"}],"wp:term":[{"taxonomy":"category","embeddable":true,"href":"https:\/\/blogdodanielgalvao.com.br\/site\/wp-json\/wp\/v2\/categories?post=11100"},{"taxonomy":"post_tag","embeddable":true,"href":"https:\/\/blogdodanielgalvao.com.br\/site\/wp-json\/wp\/v2\/tags?post=11100"}],"curies":[{"name":"wp","href":"https:\/\/api.w.org\/{rel}","templated":true}]}}