{"id":11085,"date":"2024-12-18T16:11:22","date_gmt":"2024-12-18T19:11:22","guid":{"rendered":"https:\/\/blogdodanielgalvao.com.br\/site\/?p=11085"},"modified":"2025-01-06T16:37:11","modified_gmt":"2025-01-06T19:37:11","slug":"prefeitura-inaugura-novo-acesso-a-linha-verde-na-proxima-segunda-feira","status":"publish","type":"post","link":"https:\/\/blogdodanielgalvao.com.br\/site\/prefeitura-inaugura-novo-acesso-a-linha-verde-na-proxima-segunda-feira\/","title":{"rendered":"Prefeitura inaugura novo acesso \u00e0 Linha Verde na pr\u00f3xima segunda-feira"},"content":{"rendered":"<div class=\"container mt-2\">\n<div class=\"container-fluid\">\n<div id=\"row\">\n<div class=\"pb-3 legenda-foto-noticia\">\n<p>O objetivo \u00e9 contribuir para a fluidez no tr\u00e2nsito<\/p>\n<\/div>\n<p>A nova al\u00e7a da Linha Verde, que vai interligar a Rodovia Amaral Peixoto (RJ-106), na altura dos Cavaleiros, \u00e0 Gl\u00f3ria, ser\u00e1 inaugurada na pr\u00f3xima segunda-feira (23), \u00e0s 9 horas. O objetivo \u00e9 contribuir para a fluidez no tr\u00e2nsito, facilitando o deslocamento principalmente em hor\u00e1rios de tr\u00e1fego intenso. A obra foi realizada pela Prefeitura de Maca\u00e9.<\/p>\n<p>A nova via de acesso tem cerca de 400 metros. O projeto foi executado pela Secretaria Adjunta de Servi\u00e7os P\u00fablicos, em parceria com as Secretarias de Infraestrutura e Mobilidade Urbana. No local, al\u00e9m do tr\u00e2nsito de ve\u00edculos em duas faixas, haver\u00e1 uma ciclofaixa, destinada \u00e0 circula\u00e7\u00e3o de bicicletas.<\/p>\n<\/div>\n<\/div>\n<\/div>\n<footer class=\"py-2\">\n<div class=\"footer row mt-4 d-print-none\">\n<div id=\"footer_new\" class=\"row mx-5 mt-4\">\n<div class=\"col-md-2 col-5 col-xl-2 my-2 text-white lh-1\">\n<p class=\"footer_titulo\">\n<\/div>\n<\/div>\n<\/div>\n<\/footer>\n","protected":false},"excerpt":{"rendered":"<p>O objetivo \u00e9 contribuir para a fluidez no tr\u00e2nsito A nova al\u00e7a da Linha Verde, que vai interligar a Rodovia Amaral Peixoto (RJ-106), na altura dos Cavaleiros, \u00e0 Gl\u00f3ria, ser\u00e1 inaugurada na pr\u00f3xima segunda-feira (23), \u00e0s 9 horas. O objetivo \u00e9 contribuir para a fluidez no tr\u00e2nsito, facilitando o deslocamento principalmente em hor\u00e1rios de tr\u00e1fego [&hellip;]<\/p>\n","protected":false},"author":2,"featured_media":11086,"comment_status":"open","ping_status":"open","sticky":true,"template":"","format":"standard","meta":{"footnotes":""},"categories":[208,1453,1472,9,14,2,299,1466,1462],"tags":[],"class_list":["post-11085","post","type-post","status-publish","format-standard","has-post-thumbnail","hentry","category-araruama","category-coronavirus","category-economia","category-estado","category-geral","category-macae","category-marica","category-meio-ambiente","category-tce"],"_links":{"self":[{"href":"https:\/\/blogdodanielgalvao.com.br\/site\/wp-json\/wp\/v2\/posts\/11085","targetHints":{"allow":["GET"]}}],"collection":[{"href":"https:\/\/blogdodanielgalvao.com.br\/site\/wp-json\/wp\/v2\/posts"}],"about":[{"href":"https:\/\/blogdodanielgalvao.com.br\/site\/wp-json\/wp\/v2\/types\/post"}],"author":[{"embeddable":true,"href":"https:\/\/blogdodanielgalvao.com.br\/site\/wp-json\/wp\/v2\/users\/2"}],"replies":[{"embeddable":true,"href":"https:\/\/blogdodanielgalvao.com.br\/site\/wp-json\/wp\/v2\/comments?post=11085"}],"version-history":[{"count":1,"href":"https:\/\/blogdodanielgalvao.com.br\/site\/wp-json\/wp\/v2\/posts\/11085\/revisions"}],"predecessor-version":[{"id":11087,"href":"https:\/\/blogdodanielgalvao.com.br\/site\/wp-json\/wp\/v2\/posts\/11085\/revisions\/11087"}],"wp:featuredmedia":[{"embeddable":true,"href":"https:\/\/blogdodanielgalvao.com.br\/site\/wp-json\/wp\/v2\/media\/11086"}],"wp:attachment":[{"href":"https:\/\/blogdodanielgalvao.com.br\/site\/wp-json\/wp\/v2\/media?parent=11085"}],"wp:term":[{"taxonomy":"category","embeddable":true,"href":"https:\/\/blogdodanielgalvao.com.br\/site\/wp-json\/wp\/v2\/categories?post=11085"},{"taxonomy":"post_tag","embeddable":true,"href":"https:\/\/blogdodanielgalvao.com.br\/site\/wp-json\/wp\/v2\/tags?post=11085"}],"curies":[{"name":"wp","href":"https:\/\/api.w.org\/{rel}","templated":true}]}}