{"id":11074,"date":"2024-12-14T09:35:45","date_gmt":"2024-12-14T12:35:45","guid":{"rendered":"https:\/\/blogdodanielgalvao.com.br\/site\/?p=11074"},"modified":"2025-01-08T09:47:22","modified_gmt":"2025-01-08T12:47:22","slug":"dia-d-nacional-de-combate-ao-aedes-aegypti-e-realizada-em-macae","status":"publish","type":"post","link":"https:\/\/blogdodanielgalvao.com.br\/site\/dia-d-nacional-de-combate-ao-aedes-aegypti-e-realizada-em-macae\/","title":{"rendered":"Dia D Nacional de combate ao Aedes aegypti \u00e9 realizada em Maca\u00e9"},"content":{"rendered":"<p>A Prefeitura, por meio de uma a\u00e7\u00e3o integrada com a Ger\u00eancia em Vigil\u00e2ncia Ambiental, em Sa\u00fade e Secretaria de Aten\u00e7\u00e3o B\u00e1sica, realizou na manh\u00e3 deste s\u00e1bado (14), o Dia D Nacional de combate ao mosquito Aedes aegypti e arboviroses, respons\u00e1vel em transmitir a dengue, zika, chikungunya e febre do oropouche.<\/p>\n<p>O gerente de Vigil\u00e2ncia Ambiental em Sa\u00fade, Luan Campos, conta que as a\u00e7\u00f5es de conscientiza\u00e7\u00e3o foram realizadas no Lagomar, Aroeira, Parque Aeroporto, Centro e em C\u00f3rrego do Ouro (Regi\u00e3o Serrana).<\/p>\n<p>Ele explica que no Lagomar, os agentes de combates a endemias, realizaram visitas domiciliares, entregaram folhetos explicativos, alertando sobre a import\u00e2ncia de vistoriar seus quintais pelo menos 10 minutos por dia.<\/p>\n<p>\u201cO Levantamento de \u00cdndice R\u00e1pido do Aedes aegypti (LIRAa), apontou que o bairro do Lagomar est\u00e1 em alerta, e por esse motivo, nossos agentes est\u00e3o em frente a Unidade de Pronto Atendimento (UPA), que \u00e9 o local onde recebe as notifica\u00e7\u00f5es das doen\u00e7as causadas pelo Aedes\u201d, explicou.<\/p>\n<p>De acordo com Luan, 52% dos focos do mosquito est\u00e3o em dep\u00f3sitos que ficam no ch\u00e3o, para armazenamento de \u00e1gua.<\/p>\n<p>\u201cMuitos dep\u00f3sitos n\u00e3o est\u00e3o tapados devidamente e n\u00e3o recebem a limpeza adequada, fazendo com que se transformem em focos do mosquito\u201d, acrescentou.<\/p>\n<p>Ele ressaltou ainda que o munic\u00edpio tem se antecipado e realizado a\u00e7\u00f5es de conscientiza\u00e7\u00e3o, como no dia D municipal de combate ao Aedes aegypti, no dia 30 de novembro.<\/p>\n<p>Luan informou ainda que al\u00e9m do bairro Lagomar, outros bairros como, Parque Aeroporto, Novos Malvinas e C\u00f3rrego do Ouro, apresentaram casos da doen\u00e7a. \u201cO munic\u00edpio registrou este ano cinco mil casos da doen\u00e7a. Todos devem fazer a sua parte e procurar n\u00e3o acumular \u00e1gua, vasos de plantas com \u00e1gua, enfim verificar poss\u00edveis criadouros. N\u00f3s estamos trabalhando de forma integrada para conscientizar toda a popula\u00e7\u00e3o\u201d, concluiu.<\/p>\n<p>Para solicita\u00e7\u00f5es e den\u00fancias, a popula\u00e7\u00e3o pode entrar em contato com a Coordenadoria Especial de Vigil\u00e2ncia Ambiental em Sa\u00fade, que funciona \u00e0 Rua Vereador Manoel Braga, 425, Centro de Maca\u00e9, ou atrav\u00e9s do<strong>\u00a0e-mail cevas@macae.rj.gov.br<\/strong>\u00a0ou, ainda, pelo\u00a0<strong>Disque Dengue (0800-022-6461)<\/strong>, com liga\u00e7\u00e3o gratuita, e o\u00a0<strong>Whatsapp Aedes (22) 2772-6461<\/strong>.<\/p>\n<hr class=\"my-2\" \/>\n<div class=\"div-fotos-relacionadas\">\n<h2>Fotos Relacionadas<\/h2>\n<div class=\"row py-2 mb-3\">\n<div class=\"col-3\"><a class=\"h-100 foto-relacionada\" role=\"button\" data-index=\"0\"><img decoding=\"async\" id=\"foto63793\" class=\"card-img-cover img-thumb-w30 img-thumbnail h-100\" title=\"\" src=\"https:\/\/www.macae.rj.gov.br\/midia\/noticias\/57574\/1734253687.jpg\" alt=\"\" \/><\/a><\/div>\n<div class=\"col-3\"><a class=\"h-100 foto-relacionada\" role=\"button\" data-index=\"1\"><img decoding=\"async\" id=\"foto63794\" class=\"card-img-cover img-thumb-w30 img-thumbnail h-100\" title=\"\" src=\"https:\/\/www.macae.rj.gov.br\/midia\/noticias\/57574\/1734244319.jpg\" alt=\"\" \/><\/a><\/div>\n<div class=\"col-3\"><a class=\"h-100 foto-relacionada\" role=\"button\" data-index=\"2\"><img decoding=\"async\" id=\"foto63795\" class=\"card-img-cover img-thumb-w30 img-thumbnail h-100\" title=\"\" src=\"https:\/\/www.macae.rj.gov.br\/midia\/noticias\/57574\/1734288787.jpg\" alt=\"\" \/><\/a><\/div>\n<div class=\"col-3\"><a class=\"h-100 foto-relacionada\" role=\"button\" data-index=\"3\"><img decoding=\"async\" id=\"foto63796\" class=\"card-img-cover img-thumb-w30 img-thumbnail h-100\" title=\"\" src=\"https:\/\/www.macae.rj.gov.br\/midia\/noticias\/57574\/1734227853.jpg\" alt=\"\" \/><\/a><\/div>\n<div class=\"col-3\"><a class=\"h-100 foto-relacionada\" role=\"button\" data-index=\"4\"><img decoding=\"async\" id=\"foto63797\" class=\"card-img-cover img-thumb-w30 img-thumbnail h-100\" title=\"\" src=\"https:\/\/www.macae.rj.gov.br\/midia\/noticias\/57574\/1734291814.jpg\" alt=\"\" \/><\/a><\/div>\n<div class=\"col-3\"><a class=\"h-100 foto-relacionada\" role=\"button\" data-index=\"5\"><img decoding=\"async\" id=\"foto63798\" class=\"card-img-cover img-thumb-w30 img-thumbnail h-100\" title=\"\" src=\"https:\/\/www.macae.rj.gov.br\/midia\/noticias\/57574\/1734263570.jpg\" alt=\"\" \/><\/a><\/div>\n<div class=\"col-3\"><a class=\"h-100 foto-relacionada\" role=\"button\" data-index=\"6\"><img decoding=\"async\" id=\"foto63799\" class=\"card-img-cover img-thumb-w30 img-thumbnail h-100\" title=\"\" src=\"https:\/\/www.macae.rj.gov.br\/midia\/noticias\/57574\/1734277415.jpg\" alt=\"\" \/><\/a><\/div>\n<div class=\"col-3\"><a class=\"h-100 foto-relacionada\" role=\"button\" data-index=\"7\"><img decoding=\"async\" id=\"foto63800\" class=\"card-img-cover img-thumb-w30 img-thumbnail h-100\" title=\"\" src=\"https:\/\/www.macae.rj.gov.br\/midia\/noticias\/57574\/1734239124.jpg\" alt=\"\" \/><\/a><\/div>\n<div class=\"col-3\"><a class=\"h-100 foto-relacionada\" role=\"button\" data-index=\"8\"><img decoding=\"async\" id=\"foto63801\" class=\"card-img-cover img-thumb-w30 img-thumbnail h-100\" title=\"\" src=\"https:\/\/www.macae.rj.gov.br\/midia\/noticias\/57574\/1734256103.jpg\" alt=\"\" \/><\/a><\/div>\n<div class=\"col-3\"><a class=\"h-100 foto-relacionada\" role=\"button\" data-index=\"9\"><img decoding=\"async\" id=\"foto63802\" class=\"card-img-cover img-thumb-w30 img-thumbnail h-100\" title=\"\" src=\"https:\/\/www.macae.rj.gov.br\/midia\/noticias\/57574\/1734256061.jpg\" alt=\"\" \/><\/a><\/div>\n<\/div>\n<\/div>\n","protected":false},"excerpt":{"rendered":"<p>A Prefeitura, por meio de uma a\u00e7\u00e3o integrada com a Ger\u00eancia em Vigil\u00e2ncia Ambiental, em Sa\u00fade e Secretaria de Aten\u00e7\u00e3o B\u00e1sica, realizou na manh\u00e3 deste s\u00e1bado (14), o Dia D Nacional de combate ao mosquito Aedes aegypti e arboviroses, respons\u00e1vel em transmitir a dengue, zika, chikungunya e febre do oropouche. O gerente de Vigil\u00e2ncia Ambiental [&hellip;]<\/p>\n","protected":false},"author":2,"featured_media":11075,"comment_status":"open","ping_status":"open","sticky":true,"template":"","format":"standard","meta":{"footnotes":""},"categories":[208,1453,1472,9,14,2,299,1466,1462],"tags":[],"class_list":["post-11074","post","type-post","status-publish","format-standard","has-post-thumbnail","hentry","category-araruama","category-coronavirus","category-economia","category-estado","category-geral","category-macae","category-marica","category-meio-ambiente","category-tce"],"_links":{"self":[{"href":"https:\/\/blogdodanielgalvao.com.br\/site\/wp-json\/wp\/v2\/posts\/11074","targetHints":{"allow":["GET"]}}],"collection":[{"href":"https:\/\/blogdodanielgalvao.com.br\/site\/wp-json\/wp\/v2\/posts"}],"about":[{"href":"https:\/\/blogdodanielgalvao.com.br\/site\/wp-json\/wp\/v2\/types\/post"}],"author":[{"embeddable":true,"href":"https:\/\/blogdodanielgalvao.com.br\/site\/wp-json\/wp\/v2\/users\/2"}],"replies":[{"embeddable":true,"href":"https:\/\/blogdodanielgalvao.com.br\/site\/wp-json\/wp\/v2\/comments?post=11074"}],"version-history":[{"count":1,"href":"https:\/\/blogdodanielgalvao.com.br\/site\/wp-json\/wp\/v2\/posts\/11074\/revisions"}],"predecessor-version":[{"id":11076,"href":"https:\/\/blogdodanielgalvao.com.br\/site\/wp-json\/wp\/v2\/posts\/11074\/revisions\/11076"}],"wp:featuredmedia":[{"embeddable":true,"href":"https:\/\/blogdodanielgalvao.com.br\/site\/wp-json\/wp\/v2\/media\/11075"}],"wp:attachment":[{"href":"https:\/\/blogdodanielgalvao.com.br\/site\/wp-json\/wp\/v2\/media?parent=11074"}],"wp:term":[{"taxonomy":"category","embeddable":true,"href":"https:\/\/blogdodanielgalvao.com.br\/site\/wp-json\/wp\/v2\/categories?post=11074"},{"taxonomy":"post_tag","embeddable":true,"href":"https:\/\/blogdodanielgalvao.com.br\/site\/wp-json\/wp\/v2\/tags?post=11074"}],"curies":[{"name":"wp","href":"https:\/\/api.w.org\/{rel}","templated":true}]}}