{"id":11054,"date":"2024-12-07T09:35:34","date_gmt":"2024-12-07T12:35:34","guid":{"rendered":"https:\/\/blogdodanielgalvao.com.br\/site\/?p=11054"},"modified":"2025-01-08T09:46:45","modified_gmt":"2025-01-08T12:46:45","slug":"macae-sedia-o-7o-mundialito-de-altinha-64-atletas-e-16-equipes-celebram-o-esporte","status":"publish","type":"post","link":"https:\/\/blogdodanielgalvao.com.br\/site\/macae-sedia-o-7o-mundialito-de-altinha-64-atletas-e-16-equipes-celebram-o-esporte\/","title":{"rendered":"Maca\u00e9 sedia o 7\u00ba Mundialito de Altinha: 64 atletas e 16 equipes celebram o esporte"},"content":{"rendered":"<p>O Mundialito Fus\u00e3o de Altinha &#8211; 7\u00ba Mundialito de Altinha &#8211; foi promovido neste s\u00e1bado (7) em Maca\u00e9, em frente ao Centro de Informa\u00e7\u00f5es Tur\u00edsticas, reunindo 64 atletas em um total de 16 equipes, sendo 2 homens e 2 mulheres em cada equipe que representam um pa\u00eds simbolicamente. O evento acontece desde 2016 na Praia dos Cavaleiros e foi promovido pelo Em Alta(@em.alta) com apoio da Prefeitura de Maca\u00e9, por meio da Secretaria de Esportes.<\/p>\n<p>De acordo com o organizador do evento, Victor Martins, atletas de S\u00e3o Paulo, Rio de Janeiro, Rio das Ostras, Niter\u00f3i, Esp\u00edrito Santo, Florian\u00f3polis, Cear\u00e1 e Bahia participaram. \u201cEsse evento \u00e9 cultural macaense e recebemos atletas do Brasil inteiro\u201d, exaltou, lembrando que a modalidade \u00e9 uma competi\u00e7\u00e3o de performance de cada equipe.<\/p>\n<p>&#8220;O evento promove o esporte, fomentando a economia local e o turismo. A participa\u00e7\u00e3o de atletas de v\u00e1rias regi\u00f5es \u00e9 uma prova do sucesso que essa competi\u00e7\u00e3o alcan\u00e7ou ao longo dos anos. Isso demonstra que Maca\u00e9 se consolida como um polo de eventos esportivos importantes, atraindo talentos de todo o Brasil neste espet\u00e1culo de altinha&#8221;, constatou o secret\u00e1rio de Esportes, Rodrigo Caldeira.<\/p>\n<p>Uma das participantes \u00e9 a Campe\u00e3 do Ranking Nacional de 2023, Carol Garcia. Para ela, Maca\u00e9 abra\u00e7a a Altinha e o alto n\u00edvel de apresenta\u00e7\u00f5es eleva a qualidade do evento e permite a aprecia\u00e7\u00e3o do esporte. \u201cEsta \u00e9 a minha segunda participa\u00e7\u00e3o no Mundialito, a etapa mais esperada e importante da liga. Todos os atletas ficam bastante ansiosos, pois essa competi\u00e7\u00e3o carrega um significado muito especial. Estou muito feliz com o novo formato da competi\u00e7\u00e3o, que agora conta com a participa\u00e7\u00e3o de duas mulheres. Essa mudan\u00e7a traz uma for\u00e7a incr\u00edvel para o esporte feminino e \u00e9 um passo importante para a nossa hist\u00f3ria\u201d, afirmou.<\/p>\n<hr class=\"my-2\" \/>\n<div class=\"div-fotos-relacionadas\">\n<h2>Fotos Relacionadas<\/h2>\n<div class=\"row py-2 mb-3\">\n<div class=\"col-3\"><a class=\"h-100 foto-relacionada\" role=\"button\" data-index=\"0\"><img decoding=\"async\" id=\"foto63520\" class=\"card-img-cover img-thumb-w30 img-thumbnail h-100\" title=\"\" src=\"https:\/\/www.macae.rj.gov.br\/midia\/noticias\/57500\/1733649654.jpg\" alt=\"\" \/><\/a><\/div>\n<div class=\"col-3\"><a class=\"h-100 foto-relacionada\" role=\"button\" data-index=\"1\"><img decoding=\"async\" id=\"foto63521\" class=\"card-img-cover img-thumb-w30 img-thumbnail h-100\" title=\"\" src=\"https:\/\/www.macae.rj.gov.br\/midia\/noticias\/57500\/1733612924.jpg\" alt=\"\" \/><\/a><\/div>\n<div class=\"col-3\"><a class=\"h-100 foto-relacionada\" role=\"button\" data-index=\"2\"><img decoding=\"async\" id=\"foto63522\" class=\"card-img-cover img-thumb-w30 img-thumbnail h-100\" title=\"\" src=\"https:\/\/www.macae.rj.gov.br\/midia\/noticias\/57500\/1733670862.jpg\" alt=\"\" \/><\/a><\/div>\n<\/div>\n<\/div>\n","protected":false},"excerpt":{"rendered":"<p>O Mundialito Fus\u00e3o de Altinha &#8211; 7\u00ba Mundialito de Altinha &#8211; foi promovido neste s\u00e1bado (7) em Maca\u00e9, em frente ao Centro de Informa\u00e7\u00f5es Tur\u00edsticas, reunindo 64 atletas em um total de 16 equipes, sendo 2 homens e 2 mulheres em cada equipe que representam um pa\u00eds simbolicamente. O evento acontece desde 2016 na Praia [&hellip;]<\/p>\n","protected":false},"author":2,"featured_media":11055,"comment_status":"open","ping_status":"open","sticky":true,"template":"","format":"standard","meta":{"footnotes":""},"categories":[208,1453,1472,9,14,2,299,1466,1462],"tags":[],"class_list":["post-11054","post","type-post","status-publish","format-standard","has-post-thumbnail","hentry","category-araruama","category-coronavirus","category-economia","category-estado","category-geral","category-macae","category-marica","category-meio-ambiente","category-tce"],"_links":{"self":[{"href":"https:\/\/blogdodanielgalvao.com.br\/site\/wp-json\/wp\/v2\/posts\/11054","targetHints":{"allow":["GET"]}}],"collection":[{"href":"https:\/\/blogdodanielgalvao.com.br\/site\/wp-json\/wp\/v2\/posts"}],"about":[{"href":"https:\/\/blogdodanielgalvao.com.br\/site\/wp-json\/wp\/v2\/types\/post"}],"author":[{"embeddable":true,"href":"https:\/\/blogdodanielgalvao.com.br\/site\/wp-json\/wp\/v2\/users\/2"}],"replies":[{"embeddable":true,"href":"https:\/\/blogdodanielgalvao.com.br\/site\/wp-json\/wp\/v2\/comments?post=11054"}],"version-history":[{"count":1,"href":"https:\/\/blogdodanielgalvao.com.br\/site\/wp-json\/wp\/v2\/posts\/11054\/revisions"}],"predecessor-version":[{"id":11056,"href":"https:\/\/blogdodanielgalvao.com.br\/site\/wp-json\/wp\/v2\/posts\/11054\/revisions\/11056"}],"wp:featuredmedia":[{"embeddable":true,"href":"https:\/\/blogdodanielgalvao.com.br\/site\/wp-json\/wp\/v2\/media\/11055"}],"wp:attachment":[{"href":"https:\/\/blogdodanielgalvao.com.br\/site\/wp-json\/wp\/v2\/media?parent=11054"}],"wp:term":[{"taxonomy":"category","embeddable":true,"href":"https:\/\/blogdodanielgalvao.com.br\/site\/wp-json\/wp\/v2\/categories?post=11054"},{"taxonomy":"post_tag","embeddable":true,"href":"https:\/\/blogdodanielgalvao.com.br\/site\/wp-json\/wp\/v2\/tags?post=11054"}],"curies":[{"name":"wp","href":"https:\/\/api.w.org\/{rel}","templated":true}]}}