{"id":10981,"date":"2024-11-17T09:32:02","date_gmt":"2024-11-17T12:32:02","guid":{"rendered":"https:\/\/blogdodanielgalvao.com.br\/site\/?p=10981"},"modified":"2024-11-18T12:09:35","modified_gmt":"2024-11-18T15:09:35","slug":"secretaria-de-cultura-fomenta-producao-audiovisual-de-macae-em-pre-estreia","status":"publish","type":"post","link":"https:\/\/blogdodanielgalvao.com.br\/site\/secretaria-de-cultura-fomenta-producao-audiovisual-de-macae-em-pre-estreia\/","title":{"rendered":"Secretaria de Cultura fomenta produ\u00e7\u00e3o audiovisual de Maca\u00e9 em pr\u00e9-estreia"},"content":{"rendered":"<p>Os filmes contemplados pela Lei Paulo Gustavo de fomento cultural por meio da Secretaria de Cultura da Prefeitura, \u201cEscuta Ativa\u201d e \u201cRap \u00e9 compromisso, n\u00e3o \u00e9 viagem\u201d tiveram sua pr\u00e9-estreia na noite desta quinta-feira (14) no Sindipetro. A mostra para o p\u00fablico ocorre em 25 de novembro. Cybel Chagas comanda a dire\u00e7\u00e3o e idealiza\u00e7\u00e3o dos dois filmes. \u201cEscuta Ativa\u201d tem produ\u00e7\u00e3o executiva da Inspira Projetos Art\u00edsticos e \u201cRap \u00e9 compromisso, n\u00e3o \u00e9 viagem\u201d tem a produ\u00e7\u00e3o executiva de Moreno Produ\u00e7\u00f5es. Ambos s\u00e3o filmes da categoria m\u00e9dia-metragem.<\/p>\n<p>Os filmes concorreram na categoria de produ\u00e7\u00e3o de obra audiovisual com dura\u00e7\u00e3o de 16 a 30 minutos dentro da Lei Paulo Gustavo. O document\u00e1rio \u201cO rap \u00e9 compromisso, n\u00e3o \u00e9 viagem\u201d aborda como a cena do hip-hop se comportou em 2024. O cineasta Cybel Chagas e sua equipe fazem um passeio pelos bastidores do cen\u00e1rio underground na cidade de Maca\u00e9 na produ\u00e7\u00e3o.<\/p>\n<p>J\u00e1 Escuta Ativa mostra a hist\u00f3ria de Guilherme, um jovem surdo e Gabrielly, uma psic\u00f3loga rec\u00e9m-formada. A internet fez com que eles se aproximassem e o enredo mostra que ambos v\u00e3o precisar vencer suas inseguran\u00e7as e lidar com suas diferen\u00e7as.<\/p>\n<p>O secret\u00e1rio de Cultura, Leandro Mussi, pontuou que a gest\u00e3o da Secretaria de Cultura vem implementando as pol\u00edticas de fomento cultural em parceria com a Uni\u00e3o, por meio de repasses do super\u00e1vit do Fundo Nacional de Cultura (FNC). No ano passado, foram lan\u00e7ados dois chamamentos p\u00fablicos da Lei Paulo Gustavo, editais 06 e 07\/2023. O primeiro, publicado em 31 de outubro, destinou 30% do repasse ao munic\u00edpio a diversas \u00e1reas culturais. J\u00e1 o segundo, de 1\u00ba de novembro, selecionou trabalhos na \u00e1rea de audiovisual para investimento de 70% do recurso. O montante total foi de R$ 1.375 milh\u00e3o aplicados \u00e0 cultura local.<\/p>\n<blockquote>\n<div>&#8211; As duas produ\u00e7\u00f5es audiovisuais refletem a criatividade e o talento dos nossos artistas locais e o comprometimento da Secretaria de Cultura em fomentar e valorizar a cultura de Maca\u00e9. Os filmes &#8216;Escuta Ativa&#8217; e &#8216;Rap \u00e9 compromisso, n\u00e3o \u00e9 viagem&#8217; s\u00e3o exemplos claros de como a nossa cidade \u00e9 rica em hist\u00f3rias e como a arte pode ser uma ferramenta poderosa para conectar pessoas &#8211; destacou o secret\u00e1rio, enfatizando que a cultura \u00e9 fundamental para o desenvolvimento social e econ\u00f4mico da cidade.<\/div>\n<\/blockquote>\n<p><span class=\"noticia-conteudo text-justify\"><br \/>\n<strong>Manoel Pedro interpreta o protagonista de \u201cEscuta Ativa\u201d<\/strong><\/p>\n<p>O ator Manoel Pedro \u00e9 o protagonista de \u201cEscuta Ativa\u201d interpretando Guilherme. Ele afirma que a principal mensagem que quer passar \u00e9 mostrar que seria importante para todos aprender Libras para se comunicar com pessoas surdas e com defici\u00eancia auditiva no dia a dia.<\/p>\n<p><\/span><\/p>\n<blockquote>\n<div>&#8211; Como atendimento, mercado, hospital, etc. Acessibilidade e inclus\u00e3o s\u00e3o para todos e s\u00e3o necess\u00e1rias. Ser surdo n\u00e3o \u00e9 impedimento. Somos capazes de fazer tudo, exceto de audi\u00e7\u00e3o &#8211; expressou.<\/div>\n<\/blockquote>\n<p><span class=\"noticia-conteudo text-justify\"><br \/>\n<strong>Artista de trap Skinny mostra import\u00e2ncia da cultura do rap<br \/>\n<\/strong>O artista de trap e afrobeat Skinny \u00e9 um dos participantes do document\u00e1rio. Com quatro m\u00fasicas lan\u00e7adas, ele exalta qu\u00e3o importante \u00e9 a cultura hip hop em sua vida.<\/p>\n<p><\/span><\/p>\n<blockquote>\n<div>&#8211; Entrei em contato com a cultura hip hop na minha inf\u00e2ncia, o que ajudou a me moldar como artista e cidad\u00e3o &#8211; afirmou.<\/div>\n<\/blockquote>\n<p><span class=\"noticia-conteudo text-justify\"><\/p>\n<p>Os convidados da pr\u00e9-estreia foram a equipe dos filmes, atores e os entrevistados do document\u00e1rio, al\u00e9m de artistas e produtores de Maca\u00e9.<br \/>\n<\/span><\/p>\n<p>&nbsp;<\/p>\n<hr class=\"my-2\" \/>\n<div class=\"div-fotos-relacionadas\">\n<h2>Fotos Relacionadas<\/h2>\n<div class=\"row py-2 mb-3\">\n<div class=\"col-3\"><a class=\"h-100 foto-relacionada\" role=\"button\" data-index=\"0\"><img decoding=\"async\" id=\"foto62766\" class=\"card-img-cover img-thumb-w30 img-thumbnail h-100\" title=\"\" src=\"https:\/\/www.macae.rj.gov.br\/midia\/noticias\/57286\/1731675591.jpg\" alt=\"\" \/><\/a><\/div>\n<div class=\"col-3\"><a class=\"h-100 foto-relacionada\" role=\"button\" data-index=\"1\"><img decoding=\"async\" id=\"foto62767\" class=\"card-img-cover img-thumb-w30 img-thumbnail h-100\" title=\"\" src=\"https:\/\/www.macae.rj.gov.br\/midia\/noticias\/57286\/1731738102.jpg\" alt=\"\" \/><\/a><\/div>\n<div class=\"col-3\"><a class=\"h-100 foto-relacionada\" role=\"button\" data-index=\"2\"><img decoding=\"async\" id=\"foto62768\" class=\"card-img-cover img-thumb-w30 img-thumbnail h-100\" title=\"\" src=\"https:\/\/www.macae.rj.gov.br\/midia\/noticias\/57286\/1731717156.jpg\" alt=\"\" \/><\/a><\/div>\n<div class=\"col-3\"><a class=\"h-100 foto-relacionada\" role=\"button\" data-index=\"3\"><img decoding=\"async\" id=\"foto62769\" class=\"card-img-cover img-thumb-w30 img-thumbnail h-100\" title=\"\" src=\"https:\/\/www.macae.rj.gov.br\/midia\/noticias\/57286\/1731705697.jpg\" alt=\"\" \/><\/a><\/div>\n<div class=\"col-3\"><a class=\"h-100 foto-relacionada\" role=\"button\" data-index=\"4\"><img decoding=\"async\" id=\"foto62770\" class=\"card-img-cover img-thumb-w30 img-thumbnail h-100\" title=\"\" src=\"https:\/\/www.macae.rj.gov.br\/midia\/noticias\/57286\/1731701692.jpg\" alt=\"\" \/><\/a><\/div>\n<div class=\"col-3\"><a class=\"h-100 foto-relacionada\" role=\"button\" data-index=\"5\"><img decoding=\"async\" id=\"foto62771\" class=\"card-img-cover img-thumb-w30 img-thumbnail h-100\" title=\"\" src=\"https:\/\/www.macae.rj.gov.br\/midia\/noticias\/57286\/1731757234.jpg\" alt=\"\" \/><\/a><\/div>\n<\/div>\n<\/div>\n","protected":false},"excerpt":{"rendered":"<p>Os filmes contemplados pela Lei Paulo Gustavo de fomento cultural por meio da Secretaria de Cultura da Prefeitura, \u201cEscuta Ativa\u201d e \u201cRap \u00e9 compromisso, n\u00e3o \u00e9 viagem\u201d tiveram sua pr\u00e9-estreia na noite desta quinta-feira (14) no Sindipetro. A mostra para o p\u00fablico ocorre em 25 de novembro. Cybel Chagas comanda a dire\u00e7\u00e3o e idealiza\u00e7\u00e3o dos [&hellip;]<\/p>\n","protected":false},"author":2,"featured_media":10982,"comment_status":"open","ping_status":"open","sticky":true,"template":"","format":"standard","meta":{"footnotes":""},"categories":[9,14,2],"tags":[],"class_list":["post-10981","post","type-post","status-publish","format-standard","has-post-thumbnail","hentry","category-estado","category-geral","category-macae"],"_links":{"self":[{"href":"https:\/\/blogdodanielgalvao.com.br\/site\/wp-json\/wp\/v2\/posts\/10981","targetHints":{"allow":["GET"]}}],"collection":[{"href":"https:\/\/blogdodanielgalvao.com.br\/site\/wp-json\/wp\/v2\/posts"}],"about":[{"href":"https:\/\/blogdodanielgalvao.com.br\/site\/wp-json\/wp\/v2\/types\/post"}],"author":[{"embeddable":true,"href":"https:\/\/blogdodanielgalvao.com.br\/site\/wp-json\/wp\/v2\/users\/2"}],"replies":[{"embeddable":true,"href":"https:\/\/blogdodanielgalvao.com.br\/site\/wp-json\/wp\/v2\/comments?post=10981"}],"version-history":[{"count":1,"href":"https:\/\/blogdodanielgalvao.com.br\/site\/wp-json\/wp\/v2\/posts\/10981\/revisions"}],"predecessor-version":[{"id":10983,"href":"https:\/\/blogdodanielgalvao.com.br\/site\/wp-json\/wp\/v2\/posts\/10981\/revisions\/10983"}],"wp:featuredmedia":[{"embeddable":true,"href":"https:\/\/blogdodanielgalvao.com.br\/site\/wp-json\/wp\/v2\/media\/10982"}],"wp:attachment":[{"href":"https:\/\/blogdodanielgalvao.com.br\/site\/wp-json\/wp\/v2\/media?parent=10981"}],"wp:term":[{"taxonomy":"category","embeddable":true,"href":"https:\/\/blogdodanielgalvao.com.br\/site\/wp-json\/wp\/v2\/categories?post=10981"},{"taxonomy":"post_tag","embeddable":true,"href":"https:\/\/blogdodanielgalvao.com.br\/site\/wp-json\/wp\/v2\/tags?post=10981"}],"curies":[{"name":"wp","href":"https:\/\/api.w.org\/{rel}","templated":true}]}}