{"id":10978,"date":"2024-11-16T09:35:26","date_gmt":"2024-11-16T12:35:26","guid":{"rendered":"https:\/\/blogdodanielgalvao.com.br\/site\/?p=10978"},"modified":"2024-11-18T12:09:29","modified_gmt":"2024-11-18T15:09:29","slug":"viii-encontro-nacional-de-ensino-de-ciencias-da-saude-e-do-ambiente-e-realizado-na-cidade-universitaria-de-macae","status":"publish","type":"post","link":"https:\/\/blogdodanielgalvao.com.br\/site\/viii-encontro-nacional-de-ensino-de-ciencias-da-saude-e-do-ambiente-e-realizado-na-cidade-universitaria-de-macae\/","title":{"rendered":"VIII Encontro Nacional de Ensino de Ci\u00eancias, da Sa\u00fade e do Ambiente \u00e9 realizado na Cidade Universit\u00e1ria de Maca\u00e9"},"content":{"rendered":"<p>O Centro Multidisciplinar UFRJ\/Maca\u00e9 em parceria com o Instituto Multidisciplinar de Qu\u00edmica (IMQ\/UFRJ\/Maca\u00e9) e o Instituto de Biodiversidade e Sustentabilidade (Nupem\/UFRJ) receberam o secret\u00e1rio de Educa\u00e7\u00e3o Superior do Minist\u00e9rio da Educa\u00e7\u00e3o (Sesu\/MEC), Alexandre Brasil, convidado para o VIII Encontro Nacional de Ensino de Ci\u00eancias, da Sa\u00fade e do Ambiente (Eneciencias). O evento, que foi realizado na \u00faltima semana (de 6 a 8), na Cidade Universit\u00e1ria de Maca\u00e9, contou com mais de 460 inscritos.<\/p>\n<p>A iniciativa possibilitou um espa\u00e7o de discuss\u00e3o e de apresenta\u00e7\u00e3o de sugest\u00f5es para quest\u00f5es como: injusti\u00e7as sociais e ambientais, produ\u00e7\u00e3o de conhecimento entre o centro e a periferia e o papel da educa\u00e7\u00e3o cient\u00edfica no Brasil e sua expans\u00e3o para as regi\u00f5es do interior. Para os organizadores, a amplia\u00e7\u00e3o da discuss\u00e3o sobre a rela\u00e7\u00e3o entre os temas educa\u00e7\u00e3o, sustentabilidade, meio ambiente e inclus\u00e3o social, al\u00e9m de relevante para o ensino de ci\u00eancias no interior do estado, \u00e9 simb\u00f3lica no Campus Maca\u00e9, fruto do processo de interioriza\u00e7\u00e3o das universidades p\u00fablicas federais.<\/p>\n<p>Durante o evento foi apresentado um panorama da educa\u00e7\u00e3o no Brasil por meio de dados estat\u00edsticos e estudos que apontam a desigualdade regional. Foram destacados os atuais pilares das institui\u00e7\u00f5es de ensino superior: ensino, pesquisa, extens\u00e3o, gest\u00e3o, inova\u00e7\u00e3o e sustentabilidade, internacionaliza\u00e7\u00e3o, perman\u00eancia e inclus\u00e3o. Entre os temas da programa\u00e7\u00e3o estiveram: a forma\u00e7\u00e3o de professores de ci\u00eancias em cen\u00e1rios contempor\u00e2neos; os caminhos da educa\u00e7\u00e3o para constru\u00e7\u00e3o de uma sociedade sustent\u00e1vel; direitos humanos e os contextos de ensino, al\u00e9m de ci\u00eancias, artes e sa\u00fade. Fora os debates, houve minicursos, exibi\u00e7\u00e3o de p\u00f4steres e atividades culturais.<\/p>\n<p>Estiveram presentes ao VIII Eneciencias: o diretor do Departamento de Educa\u00e7\u00e3o Ambiental e Cidadania da Secretaria Executiva do Minist\u00e9rio do Meio Ambiente e Mudan\u00e7a do Clima, Marcos Sorrentino, a coordenadora do Centro de Forma\u00e7\u00e3o de Professores Carolina Garcia, representando a Secretaria Municipal de Educa\u00e7\u00e3o de Maca\u00e9, Regina C\u00e9lia Nascimento, al\u00e9m do decano do Centro Multidisciplinar UFRJ\/Maca\u00e9, Irnak Barbosa; da diretora do Nupem, C\u00edntia de Barros; da diretora do IMQ, Juliana Milanez, do coordenador geral do evento, Leonardo Moreira, e de diversos professores pesquisadores das \u00e1reas.<\/p>\n<hr class=\"my-2\" \/>\n<div class=\"div-fotos-relacionadas\">\n<h2>Fotos Relacionadas<\/h2>\n<div class=\"row py-2 mb-3\">\n<div class=\"col-3\"><a class=\"h-100 foto-relacionada\" role=\"button\" data-index=\"0\"><img decoding=\"async\" id=\"foto62745\" class=\"card-img-cover img-thumb-w30 img-thumbnail h-100\" title=\"\" src=\"https:\/\/www.macae.rj.gov.br\/midia\/noticias\/57280\/1731615324.jpg\" alt=\"\" \/><\/a><\/div>\n<div class=\"col-3\"><a class=\"h-100 foto-relacionada\" role=\"button\" data-index=\"1\"><img decoding=\"async\" id=\"foto62746\" class=\"card-img-cover img-thumb-w30 img-thumbnail h-100\" title=\"\" src=\"https:\/\/www.macae.rj.gov.br\/midia\/noticias\/57280\/1731657737.jpg\" alt=\"\" \/><\/a><\/div>\n<div class=\"col-3\"><a class=\"h-100 foto-relacionada\" role=\"button\" data-index=\"2\"><img decoding=\"async\" id=\"foto62747\" class=\"card-img-cover img-thumb-w30 img-thumbnail h-100\" title=\"\" src=\"https:\/\/www.macae.rj.gov.br\/midia\/noticias\/57280\/1731633809.jpg\" alt=\"\" \/><\/a><\/div>\n<div class=\"col-3\"><a class=\"h-100 foto-relacionada\" role=\"button\" data-index=\"3\"><img decoding=\"async\" id=\"foto62748\" class=\"card-img-cover img-thumb-w30 img-thumbnail h-100\" title=\"\" src=\"https:\/\/www.macae.rj.gov.br\/midia\/noticias\/57280\/1731604415.jpg\" alt=\"\" \/><\/a><\/div>\n<div class=\"col-3\"><a class=\"h-100 foto-relacionada\" role=\"button\" data-index=\"4\"><img decoding=\"async\" id=\"foto62749\" class=\"card-img-cover img-thumb-w30 img-thumbnail h-100\" title=\"\" src=\"https:\/\/www.macae.rj.gov.br\/midia\/noticias\/57280\/1731664712.jpg\" alt=\"\" \/><\/a><\/div>\n<div class=\"col-3\"><a class=\"h-100 foto-relacionada\" role=\"button\" data-index=\"5\"><img decoding=\"async\" id=\"foto62750\" class=\"card-img-cover img-thumb-w30 img-thumbnail h-100\" title=\"\" src=\"https:\/\/www.macae.rj.gov.br\/midia\/noticias\/57280\/1731656586.jpg\" alt=\"\" \/><\/a><\/div>\n<div class=\"col-3\"><a class=\"h-100 foto-relacionada\" role=\"button\" data-index=\"6\"><img decoding=\"async\" id=\"foto62751\" class=\"card-img-cover img-thumb-w30 img-thumbnail h-100\" title=\"\" src=\"https:\/\/www.macae.rj.gov.br\/midia\/noticias\/57280\/1731661525.jpg\" alt=\"\" \/><\/a><\/div>\n<\/div>\n<\/div>\n","protected":false},"excerpt":{"rendered":"<p>O Centro Multidisciplinar UFRJ\/Maca\u00e9 em parceria com o Instituto Multidisciplinar de Qu\u00edmica (IMQ\/UFRJ\/Maca\u00e9) e o Instituto de Biodiversidade e Sustentabilidade (Nupem\/UFRJ) receberam o secret\u00e1rio de Educa\u00e7\u00e3o Superior do Minist\u00e9rio da Educa\u00e7\u00e3o (Sesu\/MEC), Alexandre Brasil, convidado para o VIII Encontro Nacional de Ensino de Ci\u00eancias, da Sa\u00fade e do Ambiente (Eneciencias). O evento, que foi realizado [&hellip;]<\/p>\n","protected":false},"author":2,"featured_media":10979,"comment_status":"open","ping_status":"open","sticky":true,"template":"","format":"standard","meta":{"footnotes":""},"categories":[9,14,2],"tags":[],"class_list":["post-10978","post","type-post","status-publish","format-standard","has-post-thumbnail","hentry","category-estado","category-geral","category-macae"],"_links":{"self":[{"href":"https:\/\/blogdodanielgalvao.com.br\/site\/wp-json\/wp\/v2\/posts\/10978","targetHints":{"allow":["GET"]}}],"collection":[{"href":"https:\/\/blogdodanielgalvao.com.br\/site\/wp-json\/wp\/v2\/posts"}],"about":[{"href":"https:\/\/blogdodanielgalvao.com.br\/site\/wp-json\/wp\/v2\/types\/post"}],"author":[{"embeddable":true,"href":"https:\/\/blogdodanielgalvao.com.br\/site\/wp-json\/wp\/v2\/users\/2"}],"replies":[{"embeddable":true,"href":"https:\/\/blogdodanielgalvao.com.br\/site\/wp-json\/wp\/v2\/comments?post=10978"}],"version-history":[{"count":1,"href":"https:\/\/blogdodanielgalvao.com.br\/site\/wp-json\/wp\/v2\/posts\/10978\/revisions"}],"predecessor-version":[{"id":10980,"href":"https:\/\/blogdodanielgalvao.com.br\/site\/wp-json\/wp\/v2\/posts\/10978\/revisions\/10980"}],"wp:featuredmedia":[{"embeddable":true,"href":"https:\/\/blogdodanielgalvao.com.br\/site\/wp-json\/wp\/v2\/media\/10979"}],"wp:attachment":[{"href":"https:\/\/blogdodanielgalvao.com.br\/site\/wp-json\/wp\/v2\/media?parent=10978"}],"wp:term":[{"taxonomy":"category","embeddable":true,"href":"https:\/\/blogdodanielgalvao.com.br\/site\/wp-json\/wp\/v2\/categories?post=10978"},{"taxonomy":"post_tag","embeddable":true,"href":"https:\/\/blogdodanielgalvao.com.br\/site\/wp-json\/wp\/v2\/tags?post=10978"}],"curies":[{"name":"wp","href":"https:\/\/api.w.org\/{rel}","templated":true}]}}