{"id":10975,"date":"2024-11-15T16:42:51","date_gmt":"2024-11-15T19:42:51","guid":{"rendered":"https:\/\/blogdodanielgalvao.com.br\/site\/?p=10975"},"modified":"2024-11-18T11:58:47","modified_gmt":"2024-11-18T14:58:47","slug":"dia-mundial-do-diabetes-enfatiza-a-necessidade-de-combater-a-doenca","status":"publish","type":"post","link":"https:\/\/blogdodanielgalvao.com.br\/site\/dia-mundial-do-diabetes-enfatiza-a-necessidade-de-combater-a-doenca\/","title":{"rendered":"Dia Mundial do Diabetes enfatiza a necessidade de combater a doen\u00e7a"},"content":{"rendered":"<p>Institu\u00eddo pela Organiza\u00e7\u00e3o Mundial de Sa\u00fade (OMS) e Organiza\u00e7\u00e3o das Na\u00e7\u00f5es Unidas (ONU), o 14 de novembro \u00e9 o Dia Mundial do Diabetes. A Secretaria de Sa\u00fade de Maca\u00e9 v\u00ea a data como uma oportunidade para conscientizar a popula\u00e7\u00e3o sobre como melhorar a preven\u00e7\u00e3o, diagn\u00f3stico e cuidados, al\u00e9m de informar sobre o reflexo do diabetes na sa\u00fade e mortalidade da popula\u00e7\u00e3o.<\/p>\n<p>Neste ano, o Dia Mundial do Diabetes tem como tema \u201cDiabetes e Bem-estar\u201d, que enfatiza a import\u00e2ncia da colabora\u00e7\u00e3o mundial para combater essa condi\u00e7\u00e3o que afeta milh\u00f5es de pessoas. A campanha foca no bem-estar f\u00edsico, social e mental, ressaltando a necessidade de uma alimenta\u00e7\u00e3o saud\u00e1vel, atividade f\u00edsica regular, cuidados adequados e o cuidado com a sa\u00fade mental, j\u00e1 que viver com uma condi\u00e7\u00e3o cr\u00f4nica pode gerar estresse e ansiedade.<\/p>\n<p>Em Maca\u00e9, o Centro de Refer\u00eancia ao Diab\u00e9tico tamb\u00e9m comemora 20 anos de implanta\u00e7\u00e3o. A unidade oferece acesso ao tratamento e informa\u00e7\u00e3o de qualidade em sa\u00fade, tendo o usu\u00e1rio como centro do servi\u00e7o oferecido. \u201cVamos fazer neste dia uma abordagem com os usu\u00e1rios, tirando d\u00favidas e orientando sobre a doen\u00e7a e suas complica\u00e7\u00f5es\u201d, disse a Coordenadora do Centro de Refer\u00eancia s\u00f3 Diab\u00e9tico, Enfermeira Dulce Mara Rodrigues.<\/p>\n<p>A unidade conta com equipe composta por profissionais das \u00e1reas de Endocrinologia, Enfermagem, Nutri\u00e7\u00e3o, Assist\u00eancia Social, Cl\u00ednica M\u00e9dica e Podologia.<\/p>\n<p>Os diab\u00e9ticos que possuem perfil para o programa s\u00e3o os Diab\u00e9ticos tipo 1, Diab\u00e9ticos tipo 2 insulinizados e Diab\u00e9ticos com altera\u00e7\u00f5es j\u00e1 instaladas como polineuropatias, amputa\u00e7\u00f5es, insufici\u00eancia renal, vasculopatias, dentre outras associadas ao diabetes.<\/p>\n<p>Segundo Censo IBGE 2022, estima que cerca de 20 milh\u00f5es de brasileiros convivam com o diabetes, e a IDF ( Federa\u00e7\u00e3o Internacional de Diabetes) tamb\u00e9m estima que a preval\u00eancia no Brasil \u00e9 de 10,5% da popula\u00e7\u00e3o sendo o 5? pa\u00eds em incid\u00eancia de Diabetes no mundo.<\/p>\n<p>Na 10\u00aa edi\u00e7\u00e3o do &#8220;Diabetes Atlas&#8221; IDF mostrou que em todo o mundo s\u00e3o 537 milh\u00f5es de pessoas com a doen\u00e7a.<\/p>\n<p><strong>Diabetes &#8211;\u00a0<\/strong>\u00c9 uma doen\u00e7a cr\u00f4nica que ocorre quando o p\u00e2ncreas n\u00e3o \u00e9 capaz de produzir insulina, a sua produ\u00e7\u00e3o \u00e9 insuficiente ou quando o corpo n\u00e3o \u00e9 capaz de fazer bom uso da insulina que produz. Em alguns casos onde o paciente possui uma defici\u00eancia na produ\u00e7\u00e3o de insulina pelas c\u00e9lulas do p\u00e2ncreas respons\u00e1veis por este horm\u00f4nio, \u00e9 necess\u00e1rio o uso de insulina como tratamento.<\/p>\n<p>De acordo com a Coordenadora do Centro de Refer\u00eancia s\u00f3 Diab\u00e9tico, Enfermeira Dulce Mara Rodrigues, neste caso, alguns mitos sobre o tratamento causam d\u00favidas nos pacientes como se \u201cO uso das inje\u00e7\u00f5es de insulina s\u00e3o dolorosas?\u201d; \u201cO uso de insulina elimina a necessidade de seguir uma dieta?\u201d; \u201cInsulina vicia?\u201d ou at\u00e9 mesmo se a \u201cInsulina leva a complica\u00e7\u00f5es e morte?\u201d. Para essas e outras d\u00favidas clique\u00a0<a href=\"https:\/\/www.macae.rj.gov.br\/midia\/uploads\/OS_866_-_PANFLETO_DIABETICO.pdf\">neste link<\/a>.<\/p>\n<p>O Centro de Refer\u00eancia ao Diab\u00e9tico est\u00e1 localizado \u00e0 Rua Velho Campos, 354, no Centro, o telefone \u00e9 (22) 99224- 5948. Para ter acesso aos servi\u00e7os, o usu\u00e1rio dever\u00e1 comparecer \u00e0 unidade com encaminhamento m\u00e9dico.<\/p>\n<hr class=\"my-2\" \/>\n<div class=\"div-fotos-relacionadas\">\n<h2>Fotos Relacionadas<\/h2>\n<div class=\"row py-2 mb-3\">\n<div class=\"col-3\"><a class=\"h-100 foto-relacionada\" role=\"button\" data-index=\"0\"><img decoding=\"async\" id=\"foto62739\" class=\"card-img-cover img-thumb-w30 img-thumbnail h-100\" title=\"\" src=\"https:\/\/www.macae.rj.gov.br\/midia\/noticias\/57275\/1731638297.jpg\" alt=\"\" \/><\/a><\/div>\n<div class=\"col-3\"><a class=\"h-100 foto-relacionada\" role=\"button\" data-index=\"1\"><img decoding=\"async\" id=\"foto62740\" class=\"card-img-cover img-thumb-w30 img-thumbnail h-100\" title=\"\" src=\"https:\/\/www.macae.rj.gov.br\/midia\/noticias\/57275\/1731668725.jpg\" alt=\"\" \/><\/a><\/div>\n<div class=\"col-3\"><a class=\"h-100 foto-relacionada\" role=\"button\" data-index=\"2\"><img decoding=\"async\" id=\"foto62741\" class=\"card-img-cover img-thumb-w30 img-thumbnail h-100\" title=\"\" src=\"https:\/\/www.macae.rj.gov.br\/midia\/noticias\/57275\/1731643300.jpg\" alt=\"\" \/><\/a><\/div>\n<div class=\"col-3\"><a class=\"h-100 foto-relacionada\" role=\"button\" data-index=\"3\"><img decoding=\"async\" id=\"foto62742\" class=\"card-img-cover img-thumb-w30 img-thumbnail h-100\" title=\"\" src=\"https:\/\/www.macae.rj.gov.br\/midia\/noticias\/57275\/1731600160.jpg\" alt=\"\" \/><\/a><\/div>\n<div class=\"col-3\"><a class=\"h-100 foto-relacionada\" role=\"button\" data-index=\"4\"><img decoding=\"async\" id=\"foto62743\" class=\"card-img-cover img-thumb-w30 img-thumbnail h-100\" title=\"\" src=\"https:\/\/www.macae.rj.gov.br\/midia\/noticias\/57275\/1731614868.jpg\" alt=\"\" \/><\/a><\/div>\n<div class=\"col-3\"><a class=\"h-100 foto-relacionada\" role=\"button\" data-index=\"5\"><img decoding=\"async\" id=\"foto62744\" class=\"card-img-cover img-thumb-w30 img-thumbnail h-100\" title=\"\" src=\"https:\/\/www.macae.rj.gov.br\/midia\/noticias\/57275\/1731663416.jpg\" alt=\"\" \/><\/a><\/div>\n<\/div>\n<\/div>\n","protected":false},"excerpt":{"rendered":"<p>Institu\u00eddo pela Organiza\u00e7\u00e3o Mundial de Sa\u00fade (OMS) e Organiza\u00e7\u00e3o das Na\u00e7\u00f5es Unidas (ONU), o 14 de novembro \u00e9 o Dia Mundial do Diabetes. A Secretaria de Sa\u00fade de Maca\u00e9 v\u00ea a data como uma oportunidade para conscientizar a popula\u00e7\u00e3o sobre como melhorar a preven\u00e7\u00e3o, diagn\u00f3stico e cuidados, al\u00e9m de informar sobre o reflexo do diabetes [&hellip;]<\/p>\n","protected":false},"author":2,"featured_media":10976,"comment_status":"open","ping_status":"open","sticky":true,"template":"","format":"standard","meta":{"footnotes":""},"categories":[9,14,2],"tags":[],"class_list":["post-10975","post","type-post","status-publish","format-standard","has-post-thumbnail","hentry","category-estado","category-geral","category-macae"],"_links":{"self":[{"href":"https:\/\/blogdodanielgalvao.com.br\/site\/wp-json\/wp\/v2\/posts\/10975","targetHints":{"allow":["GET"]}}],"collection":[{"href":"https:\/\/blogdodanielgalvao.com.br\/site\/wp-json\/wp\/v2\/posts"}],"about":[{"href":"https:\/\/blogdodanielgalvao.com.br\/site\/wp-json\/wp\/v2\/types\/post"}],"author":[{"embeddable":true,"href":"https:\/\/blogdodanielgalvao.com.br\/site\/wp-json\/wp\/v2\/users\/2"}],"replies":[{"embeddable":true,"href":"https:\/\/blogdodanielgalvao.com.br\/site\/wp-json\/wp\/v2\/comments?post=10975"}],"version-history":[{"count":1,"href":"https:\/\/blogdodanielgalvao.com.br\/site\/wp-json\/wp\/v2\/posts\/10975\/revisions"}],"predecessor-version":[{"id":10977,"href":"https:\/\/blogdodanielgalvao.com.br\/site\/wp-json\/wp\/v2\/posts\/10975\/revisions\/10977"}],"wp:featuredmedia":[{"embeddable":true,"href":"https:\/\/blogdodanielgalvao.com.br\/site\/wp-json\/wp\/v2\/media\/10976"}],"wp:attachment":[{"href":"https:\/\/blogdodanielgalvao.com.br\/site\/wp-json\/wp\/v2\/media?parent=10975"}],"wp:term":[{"taxonomy":"category","embeddable":true,"href":"https:\/\/blogdodanielgalvao.com.br\/site\/wp-json\/wp\/v2\/categories?post=10975"},{"taxonomy":"post_tag","embeddable":true,"href":"https:\/\/blogdodanielgalvao.com.br\/site\/wp-json\/wp\/v2\/tags?post=10975"}],"curies":[{"name":"wp","href":"https:\/\/api.w.org\/{rel}","templated":true}]}}